{"id":82372,"date":"2020-04-14T09:25:07","date_gmt":"2020-04-14T13:25:07","guid":{"rendered":"https:\/\/linitiative.ca\/International\/confinement-general-suspension-des-penalites-de-retard-sur-les-declarations-dimpot\/"},"modified":"2020-04-14T09:25:07","modified_gmt":"2020-04-14T13:25:07","slug":"confinement-general-suspension-des-penalites-de-retard-sur-les-declarations-dimpot","status":"publish","type":"post","link":"https:\/\/linitiative.ca\/International\/confinement-general-suspension-des-penalites-de-retard-sur-les-declarations-dimpot\/","title":{"rendered":"Confinement g\u00e9n\u00e9ral : Suspension des p\u00e9nalit\u00e9s de retard sur les d\u00e9clarations d\u2019imp\u00f4t"},"content":{"rendered":"<p>Le minist\u00e8re des Finances informe les personnes physiques soumises au r\u00e9gime r\u00e9el ainsi que les personnes morales non adh\u00e9rentes au syst\u00e8me de la t\u00e9l\u00e9-d\u00e9claration et du t\u00e9l\u00e9paiement, qu\u2019en raison du confinement g\u00e9n\u00e9ral, les p\u00e9nalit\u00e9s de retard sur les d\u00e9clarations d\u2019imp\u00f4t arriv\u00e9es \u00e0 \u00e9ch\u00e9ance durant la p\u00e9riode du 23 mars \u00e0 fin avril 2020, sont suspendues jusqu\u2019\u00e0 la fin du mois d\u2019avril 2020.<\/p>\n<p>Le minist\u00e8re a fait savoir, dans un communiqu\u00e9, que ses services \u0153uvrent en coordination avec l\u2019Agence nationale de certification \u00e9lectronique, \u00e0 mettre en place une plateforme num\u00e9rique qui permettra le d\u00e9p\u00f4t de d\u00e9clarations et le paiement d\u2019imp\u00f4t \u00e0 distance, sans d\u00e9placement aux administrations concern\u00e9es, et ce afin de faciliter les proc\u00e9dures de d\u00e9claration et de paiement des imp\u00f4ts.<\/p>\n<p>Les contribuables concern\u00e9es par cette mesure seront inform\u00e9s du lancement de cette plateforme durant la semaine en cours.<\/p>\n<p>Pour plus de renseignements, les personnes int\u00e9ress\u00e9es peuvent contacter le Centre d\u2019informations fiscales \u00e0 distance sur le : 81100400<\/p>\n<div class=\"wp-post-author-wrap wp-post-author-shortcode left\">\n<h3 class=\"awpa-title\"\/>\n<div class=\"wp-post-author\">\n<div class=\"awpa-img awpa-author-block square\"><a href=\"http:\/\/lexpertjournal.net\/fr\/?author=5\"><img loading=\"lazy\" decoding=\"async\" alt=\"\" src=\"http:\/\/0.gravatar.com\/avatar\/97f8e10a1c1125ba104a76514ee07b16?s=150&amp;d=mm&amp;r=g\" srcset=\"http:\/\/0.gravatar.com\/avatar\/97f8e10a1c1125ba104a76514ee07b16?s=300&amp;d=mm&amp;r=g 2x\" class=\"avatar avatar-150 photo\" height=\"150\" width=\"150\"\/><\/a><\/div>\n<\/div>\n<\/div>\n<aside class=\"mashsb-container mashsb-main mashsb-stretched\">\n<\/aside>\n<p>Auteur: L&rsquo;expert<br \/>\n<a href=\"http:\/\/lexpertjournal.net\/fr\/?p=13883\">Cliquez ici pour lire l&rsquo;article depuis sa source.<\/a><\/p>\n","protected":false},"excerpt":{"rendered":"<p>Le minist\u00e8re des Finances informe les personnes physiques soumises au r\u00e9gime r\u00e9el ainsi que les personnes morales non adh\u00e9rentes au syst\u00e8me de la t\u00e9l\u00e9-d\u00e9claration et du t\u00e9l\u00e9paiement, qu\u2019en raison du confinement g\u00e9n\u00e9ral, les p\u00e9nalit\u00e9s de retard sur les d\u00e9clarations d\u2019imp\u00f4t arriv\u00e9es \u00e0 \u00e9ch\u00e9ance durant la p\u00e9riode du 23 mars \u00e0 fin avril 2020, sont suspendues [&hellip;]<\/p>\n","protected":false},"author":1775,"featured_media":0,"comment_status":"closed","ping_status":"closed","sticky":false,"template":"","format":"standard","meta":{"fifu_image_url":"","fifu_image_alt":"","footnotes":""},"categories":[78,55],"tags":[],"class_list":["post-82372","post","type-post","status-publish","format-standard","hentry","category-economie","category-tunisie"],"_links":{"self":[{"href":"https:\/\/linitiative.ca\/International\/wp-json\/wp\/v2\/posts\/82372","targetHints":{"allow":["GET"]}}],"collection":[{"href":"https:\/\/linitiative.ca\/International\/wp-json\/wp\/v2\/posts"}],"about":[{"href":"https:\/\/linitiative.ca\/International\/wp-json\/wp\/v2\/types\/post"}],"author":[{"embeddable":true,"href":"https:\/\/linitiative.ca\/International\/wp-json\/wp\/v2\/users\/1775"}],"replies":[{"embeddable":true,"href":"https:\/\/linitiative.ca\/International\/wp-json\/wp\/v2\/comments?post=82372"}],"version-history":[{"count":0,"href":"https:\/\/linitiative.ca\/International\/wp-json\/wp\/v2\/posts\/82372\/revisions"}],"wp:attachment":[{"href":"https:\/\/linitiative.ca\/International\/wp-json\/wp\/v2\/media?parent=82372"}],"wp:term":[{"taxonomy":"category","embeddable":true,"href":"https:\/\/linitiative.ca\/International\/wp-json\/wp\/v2\/categories?post=82372"},{"taxonomy":"post_tag","embeddable":true,"href":"https:\/\/linitiative.ca\/International\/wp-json\/wp\/v2\/tags?post=82372"}],"curies":[{"name":"wp","href":"https:\/\/api.w.org\/{rel}","templated":true}]}}