{"id":82374,"date":"2020-04-14T13:01:53","date_gmt":"2020-04-14T17:01:53","guid":{"rendered":"https:\/\/linitiative.ca\/International\/coronavirus-programmes-a-larret-artistes-desempares\/"},"modified":"2020-04-14T13:01:53","modified_gmt":"2020-04-14T17:01:53","slug":"coronavirus-programmes-a-larret-artistes-desempares","status":"publish","type":"post","link":"https:\/\/linitiative.ca\/International\/coronavirus-programmes-a-larret-artistes-desempares\/","title":{"rendered":"Coronavirus: programmes \u00e0 l&rsquo;arr\u00eat, artistes d\u00e9sempar\u00e9s"},"content":{"rendered":"<div readability=\"36\">\n<p><strong>ALGER &#8211; Vivre de son art a de tout temps \u00e9t\u00e9 un challenge pour les artistes alg\u00e9riens r\u00e9duits \u00e0 guetter l\u2019approche du mois du je\u00fbne pour esp\u00e9rer d\u00e9crocher un contrat, une aubaine devenue encore plus illusoire cette ann\u00e9e o\u00f9 l&rsquo;activit\u00e9 culturelle est \u00e0 l&rsquo;arr\u00eat et la population confin\u00e9e. Epid\u00e9mie du Covid-19 oblige.<\/strong><\/p>\n<\/div>\n<div readability=\"122.271163111\">\n<p>Pour les com\u00e9diens et acteurs, la r\u00e9cente suspension des tournages de feuilletons, sitcoms et autres tourn\u00e9es artistiques vient s\u2019ajouter \u00e0 l&rsquo;irr\u00e9gularit\u00e9 des contrats, plut\u00f4t rares et synonymes, pour eux, de difficult\u00e9s sociales et financi\u00e8res au quotidien. Et la situation des artistes ind\u00e9pendants, tributaires de contrats saisonniers pour travailler et esp\u00e9rer gagner de quoi subsister le reste de l&rsquo;ann\u00e9e, est encore plus pr\u00e9caire en ces temps de crise sanitaire et de confinement des populations, contraintes d&rsquo;arr\u00eater ou de r\u00e9duire drastiquement activit\u00e9s sociales, \u00e9conomiques et culturelles<\/p>\n<p>Nabil Asli, un des premiers r\u00f4les du feuilleton \u00ab\u00a0Macha\u00efr 2\u00a0\u00bb -une coproduction alg\u00e9ro-tunisienne interrompue \u00e0 mi-tournage- fait justement partie du lot. Pour lui, les artistes vont p\u00e2tir \u00ab\u00a0financi\u00e8rement et moralement\u00a0\u00bb de cette mise au ch\u00f4mage aussi inattendue que brutale, en plein \u00ab\u00a0haute saison artistique\u00a0\u00bb.<\/p>\n<blockquote readability=\"13\">\n<p><em><strong>Pointant du doigt la \u00ab\u00a0gestion absurde\u00a0\u00bb des t\u00e9l\u00e9visions, toutes obnubil\u00e9es par les \u00ab\u00a0programmes Chorba\u00a0\u00bb (sitcoms, feuilletons jug\u00e9s comme des produits au rabais par les t\u00e9l\u00e9spectateurs qui les d\u00e9signent ainsi par d\u00e9rision) cens\u00e9s agr\u00e9menter les soir\u00e9es du ramadan, le com\u00e9dien veut surtout rappeler la condition humiliante faite \u00e0 ces artistes: une situation qui \u00ab\u00a0met l\u2019artiste \u00e0 la merci des cha\u00eenes priv\u00e9es, alors m\u00eame que leurs productions audiovisuelles ne sont soumises \u00e0 aucune loi&#8230;\u00a0\u00bb, d\u00e9nonce-t-il.<\/strong><\/em><\/p>\n<\/blockquote>\n<hr\/>\n<h3>Lire aussi:\u00a0<a href=\"http:\/\/www.aps.dz\/culture\/103899-coronavirus-l-agenda-culturel-chamboule-en-algerie\" target=\"_blank\" rel=\"noopener noreferrer\">Coronavirus: l&rsquo;agenda culturel chamboul\u00e9 en Alg\u00e9rie<\/a><\/h3>\n<hr\/>\n<p>Amine Boum\u00e9di\u00e8ne est du m\u00eame avis. Inquiet apr\u00e8s l&rsquo;arr\u00eat du tournage de \u00ab\u00a0Dar La\u00e2djeb\u00a0\u00bb -une sitcom dont seuls 15 \u00e9pisodes sur les 25 pr\u00e9vus sont boucl\u00e9s- et ses r\u00e9percussions sur l&rsquo;\u00e9quipe, le com\u00e9dien s&rsquo;indigne des r\u00e9mun\u00e9rations des artistes. Des cachets \u00ab\u00a0souvent d\u00e9risoires\u00a0\u00bb pour leur permettre une \u00ab\u00a0vie d\u00e9cente\u00a0\u00bb, sachant que la saison pleine se r\u00e9sume, pour eux, \u00e0 trois ou quatre mois d&rsquo;activit\u00e9 dans l\u2019ann\u00e9e, au mieux, ass\u00e8ne-t-il.<\/p>\n<p>M\u00eame son de cloche chez Abdelatif Aliane, le r\u00e9alisateur de \u00ab\u00a0Nostalgie de la ville d\u2019Hussein Dey, rue Tripoli, pour qui le confinement va finir par an\u00e9antir l&rsquo;activit\u00e9 culturelle, d\u00e9j\u00e0 \u00ab\u00a0scl\u00e9ros\u00e9e\u00a0\u00bb. Seul b\u00e9mol: la crise sanitaire et la distanciation sociale impos\u00e9e \u00e0 tous \u00ab\u00a0est tout de m\u00eame propice \u00e0 l&rsquo;\u00e9criture et \u00e0 la cr\u00e9ation\u00a0\u00bb, se console ce jeune artiste, \u00e0 la double casquette de documentariste et de po\u00e8te.<\/p>\n<p>Avec des tourn\u00e9es d\u00e9programm\u00e9es, Idriss Benhadid, homme de th\u00e9\u00e2tre et directeur artistique de \u00ab\u00a0Sahra\u00a0\u00bb et \u00ab\u00a0En\u2019Noussour\u00a0\u00bb de Tindouf, est, lui, tr\u00e8s pessimiste pour son avenir et celui de ses troupes. L&rsquo;\u00e9pid\u00e9mie du nouveau coronavirus et les bouleversements qu&rsquo;elle a induits sont tout simplement \u00ab\u00a0catastrophiques, \u00e9conomiquement\u00a0\u00bb, se d\u00e9sesp\u00e8re-t-il.<\/p>\n<p>Bien que log\u00e9 \u00e0 la m\u00eame enseigne, Abdelaziz Benzina semble plus r\u00e9sign\u00e9. Tous les galas et c\u00e9r\u00e9monies o\u00f9 le chanteur de Malouf \u00e9tait attendu les prochaines semaines et mois, autant dire l&rsquo;essentiel de son carnet de commandes, ont \u00e9t\u00e9 annul\u00e9s. Mais \u00ab\u00a0en ces temps difficiles, il faut savoir prendre son mal en patience\u00a0\u00bb, r\u00e9sume l&rsquo;artiste, un brin philosophe.<\/p>\n<p class=\"c30\"><strong>La \u00ab\u00a0garantie absolue\u00a0\u00bb<\/strong><\/p>\n<p>De fait, le manque \u00e0 gagner, voire les pertes financi\u00e8res sont tels que le minist\u00e8re de la Culture a d\u00e9cid\u00e9 d&rsquo;intervenir par l&rsquo;octroi d&rsquo;aides \u00ab\u00a0aux artistes dont les activit\u00e9s ont \u00e9t\u00e9 suspendues\u00a0\u00bb par mesure de confinement. Sont concern\u00e9s, les professionnels de l&rsquo;art, adh\u00e9rents de l\u2019Office national des droits d\u2019auteurs et droits voisins (ONDA) ainsi que les artistes affili\u00e9s au Conseil national des Arts et des Lettres (CNAL).<\/p>\n<hr\/>\n<h3>Lire aussi:\u00a0<a href=\"http:\/\/www.aps.dz\/culture\/103910-confinement-la-famille-de-la-culture-se-joint-a-la-campagne-de-prevention\" target=\"_blank\" rel=\"noopener noreferrer\">Confinement: la famille de la culture se joint \u00e0 la campagne de pr\u00e9vention<\/a><\/h3>\n<hr\/>\n<p>Si elle approuve la d\u00e9cision des pouvoirs publics de d\u00e9bloquer des subventions aux artistes en difficult\u00e9 conjoncturelle, Tounes Ait Ali ne manque pas de souligner que c&rsquo;est bien l&rsquo;absence d&rsquo;un statut ad hoc qui les a pr\u00e9caris\u00e9s et laiss\u00e9s sans protection.<\/p>\n<p>Ce statut, les professionnels de l&rsquo;art le r\u00e9clament \u00e0 cor et \u00e0 cri depuis des lustres. De l&rsquo;avis de cette com\u00e9dienne et metteure en sc\u00e8ne de th\u00e9\u00e2tre, une telle r\u00e9glementation qui devra d\u00e9finir la qualit\u00e9 d&rsquo;artiste, \u00ab\u00a0s\u00e9parant ainsi le bon grain de l&rsquo;ivraie\u00a0\u00bb selon ses propres termes, \u00ab\u00a0repr\u00e9sente en toutes circonstances une garantie absolue\u00a0\u00bb pour l\u2019artiste, tranche-t-elle.<\/p>\n<\/div>\n<p>Auteur:<br \/>\n<a href=\"http:\/\/www.aps.dz\/culture\/104021-coronavirus-programmes-a-l-arret-artistes-desempares\">Cliquez ici pour lire l&rsquo;article depuis sa source.<\/a><\/p>\n","protected":false},"excerpt":{"rendered":"<p>ALGER &#8211; Vivre de son art a de tout temps \u00e9t\u00e9 un challenge pour les artistes alg\u00e9riens r\u00e9duits \u00e0 guetter l\u2019approche du mois du je\u00fbne pour esp\u00e9rer d\u00e9crocher un contrat, une aubaine devenue encore plus illusoire cette ann\u00e9e o\u00f9 l&rsquo;activit\u00e9 culturelle est \u00e0 l&rsquo;arr\u00eat et la population confin\u00e9e. Epid\u00e9mie du Covid-19 oblige. Pour les com\u00e9diens [&hellip;]<\/p>\n","protected":false},"author":1790,"featured_media":0,"comment_status":"closed","ping_status":"closed","sticky":false,"template":"","format":"standard","meta":{"fifu_image_url":"","fifu_image_alt":"","footnotes":""},"categories":[53,79],"tags":[],"class_list":["post-82374","post","type-post","status-publish","format-standard","hentry","category-algerie","category-culture"],"_links":{"self":[{"href":"https:\/\/linitiative.ca\/International\/wp-json\/wp\/v2\/posts\/82374","targetHints":{"allow":["GET"]}}],"collection":[{"href":"https:\/\/linitiative.ca\/International\/wp-json\/wp\/v2\/posts"}],"about":[{"href":"https:\/\/linitiative.ca\/International\/wp-json\/wp\/v2\/types\/post"}],"author":[{"embeddable":true,"href":"https:\/\/linitiative.ca\/International\/wp-json\/wp\/v2\/users\/1790"}],"replies":[{"embeddable":true,"href":"https:\/\/linitiative.ca\/International\/wp-json\/wp\/v2\/comments?post=82374"}],"version-history":[{"count":0,"href":"https:\/\/linitiative.ca\/International\/wp-json\/wp\/v2\/posts\/82374\/revisions"}],"wp:attachment":[{"href":"https:\/\/linitiative.ca\/International\/wp-json\/wp\/v2\/media?parent=82374"}],"wp:term":[{"taxonomy":"category","embeddable":true,"href":"https:\/\/linitiative.ca\/International\/wp-json\/wp\/v2\/categories?post=82374"},{"taxonomy":"post_tag","embeddable":true,"href":"https:\/\/linitiative.ca\/International\/wp-json\/wp\/v2\/tags?post=82374"}],"curies":[{"name":"wp","href":"https:\/\/api.w.org\/{rel}","templated":true}]}}