{"id":82386,"date":"2020-04-14T07:54:22","date_gmt":"2020-04-14T11:54:22","guid":{"rendered":"https:\/\/linitiative.ca\/International\/fabrication-de-bavettes-a-la-maison-darret-de-tizi-ouzou-des-detenus-contribuent-a-la-lutte-contre-le-covid-19\/"},"modified":"2020-04-14T07:54:22","modified_gmt":"2020-04-14T11:54:22","slug":"fabrication-de-bavettes-a-la-maison-darret-de-tizi-ouzou-des-detenus-contribuent-a-la-lutte-contre-le-covid-19","status":"publish","type":"post","link":"https:\/\/linitiative.ca\/International\/fabrication-de-bavettes-a-la-maison-darret-de-tizi-ouzou-des-detenus-contribuent-a-la-lutte-contre-le-covid-19\/","title":{"rendered":"Fabrication de bavettes \u00e0 la maison d\u2019arr\u00eat de Tizi-Ouzou: des d\u00e9tenus contribuent \u00e0 la lutte contre le Covid-19"},"content":{"rendered":"<div readability=\"36\">\n<p><strong>TIZI-OUZOU &#8211; La lutte contre la propagation du coronavirus (Covid-19) \u00e0 Tizi-Ouzou est d\u00e9sormais l\u2019affaire de tous sans exception aucune. La population carc\u00e9rale vient de joindre son effort \u00e0 ceux des autorit\u00e9s locales et la soci\u00e9t\u00e9 civile, en s&rsquo;attelant \u00e0 la fabrication\u00a0 de masques de protection.<\/strong><\/p>\n<\/div>\n<div readability=\"144\">\n<p>Se prot\u00e9ger et prot\u00e9ger les autres, est la d\u00e9marche qui anime les responsables de la maison d\u2019arr\u00eat de Tizi-Ouzou, ainsi que les d\u00e9tenus incarc\u00e9r\u00e9s au niveau de cette \u00e9tablissement p\u00e9nitencier, qui se sont impliqu\u00e9s dans l\u2019effort de lutte contre la propagation du coronavirus par des op\u00e9ration de d\u00e9sinfection r\u00e9guli\u00e8res et rigoureuses et en fabriquant des moyens de protection pour eux et pour d\u2019autres institutions.<\/p>\n<p>Il \u00e9tait environ 9H00 lorsque l\u2019APS est arriv\u00e9e \u00e0 la prison de Tizi-Ouzou, sise rue Khodja Khaled. D\u00e8s l\u2019entr\u00e9e, les v\u00e9hicules y acc\u00e9dant sont syst\u00e9matiquement d\u00e9sinfect\u00e9s. Un tapis g\u00e9n\u00e9reusement imbib\u00e9 de d\u00e9sinfectant permet aux pi\u00e9tons de d\u00e9sinfecter leurs chaussures. Juste \u00e0 proximit\u00e9, un espace de lavage des mains au savon liquide et eau courante, sont \u00e0 la disposition des personnes qui doivent se soumettre \u00e0 ce geste d\u2019hygi\u00e8ne recommand\u00e9, a-t-on constat\u00e9.<\/p>\n<blockquote readability=\"9\">\n<p><em><strong>Personnels et d\u00e9tenus sont soumis \u00e0 un rituel quotidien de pr\u00e9vention syst\u00e9matique, r\u00e9p\u00e9t\u00e9 presque toutes les demi-heures, consistant en le lavage des mains \u00e0 l\u2019eau et au savon et utilisation de gel hydro-alcoolique et le port de masques de protection.<\/strong><\/em><\/p>\n<\/blockquote>\n<p>Dans l\u2019Atelier de confection de l\u2019\u00e9tablissement, des d\u00e9tenus s\u2019appliquent \u00e0 fabriquer des masques de protection. Le tissus, conforme aux normes, est d\u00e9coup\u00e9 dans une salle, puis transf\u00e9r\u00e9 dans une autre o\u00f9 l\u2019on proc\u00e8de \u00e0 la confection des bavettes. Un groupe de prisonniers s\u2019affaire \u00e0 donner la premi\u00e8re forme du masque, qui ensuite r\u00e9cup\u00e9r\u00e9 par un autre groupe qui coud les \u00e9lastiques.<\/p>\n<p>Un des prisonniers, travaillant dans cet atelier de confection, a d\u00e9clar\u00e9 \u00e0 l\u2019APS: \u00ab\u00a0nous avons effectu\u00e9 un stage sur place pour apprendre \u00e0 confectionner ces bavettes et nous somme entrain de les fabriquer\u00a0\u00bb, a-t-il dit, en ajoutant \u00ab\u00a0nous aussi nous contribuons \u00e0 la lutte contre la propagation du Coronavirus\u00a0\u00bb<\/p>\n<p>Ces masques sont ensuite transf\u00e9r\u00e9s dans une autre salle, o\u00f9 il est proc\u00e9d\u00e9 \u00e0 leur st\u00e9rilisation dans une machine sp\u00e9ciale, puis conditionn\u00e9s dans des sacs herm\u00e9tiquement ferm\u00e9s. Quotidiennement, une quantit\u00e9 de 1500 bavettes sont ainsi fabriqu\u00e9es au niveau de cet \u00e9tablissement, quantit\u00e9 qui peut \u00eatre port\u00e9e \u00e0 2500 unit\u00e9s, a-t-on appris du directeur du Centre de r\u00e9\u00e9ducation et de r\u00e9insertion de Tizi-Ouzou, Dehibi Nassim.<\/p>\n<p>\u00ab\u00a0La prison de Tizi-Ouzou fait partie des \u00e9tablissements qui ont entrepris de confectionner des masques de protection r\u00e9pondant aux normes exig\u00e9es par le minist\u00e8re de la Sant\u00e9, en rapport avec la qualit\u00e9 du tissus, le processus de production, la st\u00e9rilisation et le conditionnement\u00a0\u00bb, a-t-il soulign\u00e9, ajoutant: \u00ab\u00a0nous couvrons les besoins en masques des \u00e9tablissements p\u00e9nitenciers de la wilaya et le surplus est remis la Direction g\u00e9n\u00e9rale de l&rsquo;administration p\u00e9nitentiaire et de la r\u00e9insertion qui le distribue sur d\u2019autres \u00e9tablissements.<\/p>\n<p class=\"c30\"><strong>Des mesures de pr\u00e9vention optimum<\/strong><\/p>\n<p>La d\u00e9sinfection et l\u2019hygi\u00e8ne sont observ\u00e9es rigoureusement, a-t-on constat\u00e9 sur place. \u00ab\u00a0En application des directives du minist\u00e8re de la Justice et la Direction g\u00e9n\u00e9rale de l&rsquo;administration p\u00e9nitentiaire et de la r\u00e9insertion, des mesures ont \u00e9t\u00e9 engag\u00e9es pour pr\u00e9venir le Coronavirus\u00a0\u00bb a relev\u00e9 M. Dehibi.<\/p>\n<p>Il a expliqu\u00e9 qu\u2019entre autres mesures de protection, des moyens de d\u00e9sinfection des mains sont plac\u00e9s au niveau de tous les services \u00e0 l\u2019int\u00e9rieur et l\u2019ext\u00e9rieur de l\u2019\u00e9tablissement.<\/p>\n<blockquote readability=\"9\">\n<p><em><strong>Ces mesures de pr\u00e9vention sont aussi appliqu\u00e9es aux d\u00e9tenus, d\u00e9j\u00e0 sensibilis\u00e9s sur la n\u00e9cessit\u00e9 d\u2019observer les gestes barri\u00e8res de pr\u00e9vention du coronavirus. L\u2019administration \u00e0 mis \u00e0 leur disposition tous les moyens de pr\u00e9vention au niveau des diff\u00e9rents espaces de l\u2019\u00e9tablissement. Ils b\u00e9n\u00e9ficient aussi d\u2019une consultation m\u00e9dicale r\u00e9guli\u00e8re et d\u2019une prise en charge psychologique.<\/strong><\/em><\/p>\n<\/blockquote>\n<p>Au niveau de l\u2019infirmerie, les d\u00e9tenus nouvellement plac\u00e9s \u00e0 la maison d\u2019arr\u00eat de Tizi-Ouzou, b\u00e9n\u00e9ficient d\u2019une prise en charge particuli\u00e8re. Ils sont d\u2019abord re\u00e7us dans un bureau de consultation am\u00e9nag\u00e9 \u00e0 l\u2019ext\u00e9rieur de l\u2019espace de d\u00e9tention. Un d\u00e9tenu, qui venait d\u2019arriver, a \u00e9t\u00e9 dot\u00e9 d\u2019une bavette et a \u00e9t\u00e9 invit\u00e9 \u00e0 se laver les mains, puis orient\u00e9 vers cet espace de consultation o\u00f9 il a b\u00e9n\u00e9fici\u00e9 d\u2019un examen m\u00e9dical, a-t-on constat\u00e9.<\/p>\n<p>Le m\u00e9decin g\u00e9n\u00e9raliste \u00e0 la prison de Tizi-Ouzou, Dr. Addour Nadia, a expliqu\u00e9 que \u00ab\u00a0chaque nouveau d\u00e9tenu est soumis \u00e0 un examen complet. Il est ensuite plac\u00e9 en isolement m\u00e9dical pendant 15 jours, p\u00e9riode durant laquelle il b\u00e9n\u00e9ficie d\u2019un suivi quotidien (prise de temp\u00e9rature et examen clinique) par un m\u00e9decin et\u00a0 s\u2019il s&rsquo;av\u00e8re qu&rsquo;il ne pr\u00e9sentait aucune symptomatologie li\u00e9e au Covid-19, il est transf\u00e9r\u00e9 au niveau de la d\u00e9tention, a-t-elle indiqu\u00e9.<\/p>\n<p>Un ancien prisonnier qui venait d\u2019\u00eatre auscult\u00e9 par Dr Addour, dans le cadre des examens r\u00e9guliers assur\u00e9s \u00e0 la population carc\u00e9rale, a rassur\u00e9 que \u00ab\u00a0les d\u00e9tenus b\u00e9n\u00e9ficient d\u2019une bonne prise en charge m\u00e9dicale\u00a0\u00bb.<\/p>\n<p>M. Dehibi a ajout\u00e9: \u00a0\u00bb je rassure les familles des d\u00e9tenus que nous assurons une prise en charge m\u00e9dicale et psychologique \u00e0 tous les d\u00e9tenus. Une \u00e9quipe de m\u00e9decins et de psychologues veillent quotidiennement et en permanence sur eux\u00a0\u00bb.<\/p>\n<p>Il a en outre relev\u00e9 qu\u2019il a \u00e9t\u00e9 proc\u00e9d\u00e9 \u00e0 l\u2019am\u00e9lioration des repas des pensionnaires de l&rsquo;\u00e9tablissement, et \u00e0 la mise \u00e0 leur disposition d\u2019un t\u00e9l\u00e9phone fixe afin de palier a la contrainte induite par la suspension des visites familiales en raison de la pand\u00e9mie. Ils prennent ainsi des nouvelles de leurs proches et les rassure quant \u00e0 leur \u00e9tat de sant\u00e9.<\/p>\n<\/div>\n<p>Auteur:<br \/>\n<a href=\"http:\/\/www.aps.dz\/regions\/104027-fabrication-de-bavettes-a-la-maison-d-arret-de-tizi-ouzou-des-detenus-contribuent-a-la-lutte-contre-le-covid-19\">Cliquez ici pour lire l&rsquo;article depuis sa source.<\/a><\/p>\n","protected":false},"excerpt":{"rendered":"<p>TIZI-OUZOU &#8211; La lutte contre la propagation du coronavirus (Covid-19) \u00e0 Tizi-Ouzou est d\u00e9sormais l\u2019affaire de tous sans exception aucune. La population carc\u00e9rale vient de joindre son effort \u00e0 ceux des autorit\u00e9s locales et la soci\u00e9t\u00e9 civile, en s&rsquo;attelant \u00e0 la fabrication\u00a0 de masques de protection. Se prot\u00e9ger et prot\u00e9ger les autres, est la d\u00e9marche [&hellip;]<\/p>\n","protected":false},"author":1790,"featured_media":0,"comment_status":"closed","ping_status":"closed","sticky":false,"template":"","format":"standard","meta":{"fifu_image_url":"","fifu_image_alt":"","footnotes":""},"categories":[53,76],"tags":[],"class_list":["post-82386","post","type-post","status-publish","format-standard","hentry","category-algerie","category-regions"],"_links":{"self":[{"href":"https:\/\/linitiative.ca\/International\/wp-json\/wp\/v2\/posts\/82386","targetHints":{"allow":["GET"]}}],"collection":[{"href":"https:\/\/linitiative.ca\/International\/wp-json\/wp\/v2\/posts"}],"about":[{"href":"https:\/\/linitiative.ca\/International\/wp-json\/wp\/v2\/types\/post"}],"author":[{"embeddable":true,"href":"https:\/\/linitiative.ca\/International\/wp-json\/wp\/v2\/users\/1790"}],"replies":[{"embeddable":true,"href":"https:\/\/linitiative.ca\/International\/wp-json\/wp\/v2\/comments?post=82386"}],"version-history":[{"count":0,"href":"https:\/\/linitiative.ca\/International\/wp-json\/wp\/v2\/posts\/82386\/revisions"}],"wp:attachment":[{"href":"https:\/\/linitiative.ca\/International\/wp-json\/wp\/v2\/media?parent=82386"}],"wp:term":[{"taxonomy":"category","embeddable":true,"href":"https:\/\/linitiative.ca\/International\/wp-json\/wp\/v2\/categories?post=82386"},{"taxonomy":"post_tag","embeddable":true,"href":"https:\/\/linitiative.ca\/International\/wp-json\/wp\/v2\/tags?post=82386"}],"curies":[{"name":"wp","href":"https:\/\/api.w.org\/{rel}","templated":true}]}}