{"id":82389,"date":"2020-04-14T13:26:15","date_gmt":"2020-04-14T17:26:15","guid":{"rendered":"https:\/\/linitiative.ca\/International\/alerte-sur-le-cas-des-femmes-vulnerables-economiquement\/"},"modified":"2020-04-14T13:26:15","modified_gmt":"2020-04-14T17:26:15","slug":"alerte-sur-le-cas-des-femmes-vulnerables-economiquement","status":"publish","type":"post","link":"https:\/\/linitiative.ca\/International\/alerte-sur-le-cas-des-femmes-vulnerables-economiquement\/","title":{"rendered":"Alerte sur le cas des femmes vuln\u00e9rables \u00e9conomiquement"},"content":{"rendered":"<div class=\"body\">\n<div class=\"field field-name-body field-type-text-with-summary field-label-hidden\">\n<div class=\"field-items\" readability=\"12\">\n<div class=\"field-item even\" property=\"content:encoded\" readability=\"19\">\n<p class=\"rtejustify\">La F\u00e9d\u00e9ration des ligues des droits des femmes a mobilis\u00e9, d\u00e8s le 16 mars, les centres du r\u00e9seau INJAD contre la violence bas\u00e9e sur le genre. Des assistantes sociales \u00e9coutent et orientent les victimes. Par ailleurs, la f\u00e9d\u00e9ration \u00e9labore une plateforme de soutien psychologique et de communication relative aux moyens de soutien \u00e9conomique aux familles n\u00e9cessiteuses. Et ce,\u00a0 \u00e0 la lumi\u00e8re des mesures officielles li\u00e9es au confinement obligatoire. La FLDF alerte sur le cas critique des femmes pouvant \u00eatre exclues du soutien \u00e9tatique: vendeuses ambulantes, ouvri\u00e8res agricoles et saisonni\u00e8res, artisanes, femmes travaillant\u00a0 dans le commerce des produits de contrebande \u00e0 partir de Ceuta, femmes de m\u00e9nage non d\u00e9clar\u00e9es \u00e0 la CNSS, les sans-abri et les migrantes\u2026<\/p>\n<p class=\"rtejustify\"><em>F.F.<\/em><\/p>\n<\/div>\n<\/div>\n<\/div>\n<\/div>\n<div class=\"eco-conseil\">\n<div class=\"view view-eco-conseil-16 view-id-eco_conseil_16 view-display-id-cookies view-dom-id-46db095666328d27fde8b333a9a6a2f5\">\n<div class=\"view-content\">\n<div id=\"views-bootstrap-grid-1\" class=\"views-bootstrap-grid-plugin-style\">\n<div class=\"row\">\n<div class=\" col-xs-12 col-lg-4\">\n<div class=\"row\">\n<div class=\"col col-xs-12 col-lg-12\">\n<div class=\"field-content\"><a href=\"\/article\/1060532-des-recharges-telephoniques-pour-les-eleves-du-rural\"><img loading=\"lazy\" decoding=\"async\" class=\"img-responsive\" typeof=\"foaf:Image\" src=\"https:\/\/www.leconomiste.com\/sites\/default\/files\/eco7\/public\/styles\/800x400\/public\/default_images\/default_une.jpg?itok=4jZlgnIZ\" width=\"660\" height=\"330\" alt=\"\"\/><\/a><\/div>\n<\/div>\n<div class=\" title_suite_2 col col-xs-12 col-lg-12\"> <a href=\"\/article\/1060532-des-recharges-telephoniques-pour-les-eleves-du-rural\"\/><span class=\"field-content\">Des recharges t\u00e9l\u00e9phoniques pour les \u00e9l\u00e8ves du rural<\/span><\/div>\n<\/div>\n<\/div>\n<div class=\" col-xs-12 col-lg-4\">\n<div class=\"row\">\n<div class=\"col col-xs-12 col-lg-12\">\n<div class=\"field-content\"><a href=\"\/article\/1060531-la-commune-de-casablanca-lance-un-bureau-d-ordre-digital\"><img loading=\"lazy\" decoding=\"async\" class=\"img-responsive\" typeof=\"foaf:Image\" src=\"https:\/\/www.leconomiste.com\/sites\/default\/files\/eco7\/public\/styles\/800x400\/public\/default_images\/default_une.jpg?itok=4jZlgnIZ\" width=\"660\" height=\"330\" alt=\"\"\/><\/a><\/div>\n<\/div>\n<div class=\" title_suite_2 col col-xs-12 col-lg-12\"> <a href=\"\/article\/1060531-la-commune-de-casablanca-lance-un-bureau-d-ordre-digital\"\/><span class=\"field-content\"> La commune de Casablanca lance un \u00abbureau d&rsquo;ordre digital\u00bb<\/span><\/div>\n<\/div>\n<\/div>\n<div class=\" col-xs-12 col-lg-4\">\n<div class=\"row\">\n<div class=\"col col-xs-12 col-lg-12\">\n<div class=\"field-content\"><a href=\"\/article\/1060530-marocains-bloques-l-etranger-el-azzaoui-interpelle-el-othmani\"><img loading=\"lazy\" decoding=\"async\" class=\"img-responsive\" typeof=\"foaf:Image\" src=\"https:\/\/www.leconomiste.com\/sites\/default\/files\/eco7\/public\/styles\/800x400\/public\/default_images\/default_une.jpg?itok=4jZlgnIZ\" width=\"660\" height=\"330\" alt=\"\"\/><\/a><\/div>\n<\/div>\n<div class=\" title_suite_2 col col-xs-12 col-lg-12\"> <a href=\"\/article\/1060530-marocains-bloques-l-etranger-el-azzaoui-interpelle-el-othmani\"\/><span class=\"field-content\">Marocains bloqu\u00e9s \u00e0 l&rsquo;\u00e9tranger: El Azzaoui interpelle El Othmani<\/span><\/div>\n<\/div>\n<\/div>\n<\/div>\n<\/div>\n<\/div>\n<\/div>\n<\/div>\n<p>Auteur: hlafriqi<br \/>\n<a href=\"https:\/\/www.leconomiste.com\/article\/1060528-alerte-sur-le-cas-des-femmes-vulnerables-economiquement\">Cliquez ici pour lire l&rsquo;article depuis sa source.<\/a><\/p>\n","protected":false},"excerpt":{"rendered":"<p>La F\u00e9d\u00e9ration des ligues des droits des femmes a mobilis\u00e9, d\u00e8s le 16 mars, les centres du r\u00e9seau INJAD contre la violence bas\u00e9e sur le genre. Des assistantes sociales \u00e9coutent et orientent les victimes. Par ailleurs, la f\u00e9d\u00e9ration \u00e9labore une plateforme de soutien psychologique et de communication relative aux moyens de soutien \u00e9conomique aux familles [&hellip;]<\/p>\n","protected":false},"author":1763,"featured_media":0,"comment_status":"closed","ping_status":"closed","sticky":false,"template":"","format":"standard","meta":{"fifu_image_url":"","fifu_image_alt":"","footnotes":""},"categories":[78,54],"tags":[],"class_list":["post-82389","post","type-post","status-publish","format-standard","hentry","category-economie","category-maroc"],"_links":{"self":[{"href":"https:\/\/linitiative.ca\/International\/wp-json\/wp\/v2\/posts\/82389","targetHints":{"allow":["GET"]}}],"collection":[{"href":"https:\/\/linitiative.ca\/International\/wp-json\/wp\/v2\/posts"}],"about":[{"href":"https:\/\/linitiative.ca\/International\/wp-json\/wp\/v2\/types\/post"}],"author":[{"embeddable":true,"href":"https:\/\/linitiative.ca\/International\/wp-json\/wp\/v2\/users\/1763"}],"replies":[{"embeddable":true,"href":"https:\/\/linitiative.ca\/International\/wp-json\/wp\/v2\/comments?post=82389"}],"version-history":[{"count":0,"href":"https:\/\/linitiative.ca\/International\/wp-json\/wp\/v2\/posts\/82389\/revisions"}],"wp:attachment":[{"href":"https:\/\/linitiative.ca\/International\/wp-json\/wp\/v2\/media?parent=82389"}],"wp:term":[{"taxonomy":"category","embeddable":true,"href":"https:\/\/linitiative.ca\/International\/wp-json\/wp\/v2\/categories?post=82389"},{"taxonomy":"post_tag","embeddable":true,"href":"https:\/\/linitiative.ca\/International\/wp-json\/wp\/v2\/tags?post=82389"}],"curies":[{"name":"wp","href":"https:\/\/api.w.org\/{rel}","templated":true}]}}