{"id":82390,"date":"2020-04-14T13:27:19","date_gmt":"2020-04-14T17:27:19","guid":{"rendered":"https:\/\/linitiative.ca\/International\/des-reproches-contre-le-ministere-de-la-famille\/"},"modified":"2020-04-14T13:27:19","modified_gmt":"2020-04-14T17:27:19","slug":"des-reproches-contre-le-ministere-de-la-famille","status":"publish","type":"post","link":"https:\/\/linitiative.ca\/International\/des-reproches-contre-le-ministere-de-la-famille\/","title":{"rendered":"Des reproches contre le minist\u00e8re de la Famille"},"content":{"rendered":"<div class=\"body\">\n<div class=\"field field-name-body field-type-text-with-summary field-label-hidden\">\n<div class=\"field-items\" readability=\"10\">\n<div class=\"field-item even\" property=\"content:encoded\" readability=\"15\">\n<p class=\"rtejustify\">\u00abTous avec toi\u00bb est un projet de l\u2019Union nationale des femmes du Maroc et non pas du minist\u00e8re de la Famille, rappellent des acteurs associatifs. Le confinement a d\u00e9terr\u00e9 les vieux cadavres: le d\u00e9partement que dirige le PJD \u00abchoisit les associations avec lesquelles il collabore\u00bb. Elles sont suppos\u00e9es avoir un fond id\u00e9ologique \u00abconservateur\u00bb. Ce crit\u00e8re \u00abne prime pas toujours\u00bb \u00e0 100%, temp\u00e8rent nos sources associatives. Mais \u00abil existe\u00bb. Il est \u00e9galement reproch\u00e9 \u00e0 ce minist\u00e8re de \u00abne pas remplir correctement sa mission\u00bb durant le confinement. Il compte pourtant des fonctionnaires \u00abtr\u00e8s engag\u00e9s\u00bb. Un appel est lanc\u00e9 pour\u00a0 doter ce d\u00e9partement social \u00abde moyens suffisants\u00bb pour s\u2019occuper des enfants, femmes, personnes \u00e2g\u00e9es ou pr\u00e9caires, handicap\u00e9s&#8230;. Le minist\u00e8re de la Famille a \u00abune mission sociale importante qu\u2019il faut soutenir\u00bb et qu\u2019il \u00abdoit assurer en coordination\u00bb avec des d\u00e9partements comme la Justice ou la Sant\u00e9.<\/p>\n<p class=\"rtejustify\"><em>F.F.<\/em><\/p>\n<\/div>\n<\/div>\n<\/div>\n<\/div>\n<div class=\"eco-conseil\">\n<div class=\"view view-eco-conseil-16 view-id-eco_conseil_16 view-display-id-cookies view-dom-id-848e1035d8c642da0a4ae089aa1ca28c\">\n<div class=\"view-content\">\n<div id=\"views-bootstrap-grid-1\" class=\"views-bootstrap-grid-plugin-style\">\n<div class=\"row\">\n<div class=\" col-xs-12 col-lg-4\">\n<div class=\"row\">\n<div class=\"col col-xs-12 col-lg-12\">\n<div class=\"field-content\"><a href=\"\/article\/1060532-des-recharges-telephoniques-pour-les-eleves-du-rural\"><img loading=\"lazy\" decoding=\"async\" class=\"img-responsive\" typeof=\"foaf:Image\" src=\"https:\/\/www.leconomiste.com\/sites\/default\/files\/eco7\/public\/styles\/800x400\/public\/default_images\/default_une.jpg?itok=4jZlgnIZ\" width=\"660\" height=\"330\" alt=\"\"\/><\/a><\/div>\n<\/div>\n<div class=\" title_suite_2 col col-xs-12 col-lg-12\"> <a href=\"\/article\/1060532-des-recharges-telephoniques-pour-les-eleves-du-rural\"\/><span class=\"field-content\">Des recharges t\u00e9l\u00e9phoniques pour les \u00e9l\u00e8ves du rural<\/span><\/div>\n<\/div>\n<\/div>\n<div class=\" col-xs-12 col-lg-4\">\n<div class=\"row\">\n<div class=\"col col-xs-12 col-lg-12\">\n<div class=\"field-content\"><a href=\"\/article\/1060531-la-commune-de-casablanca-lance-un-bureau-d-ordre-digital\"><img loading=\"lazy\" decoding=\"async\" class=\"img-responsive\" typeof=\"foaf:Image\" src=\"https:\/\/www.leconomiste.com\/sites\/default\/files\/eco7\/public\/styles\/800x400\/public\/default_images\/default_une.jpg?itok=4jZlgnIZ\" width=\"660\" height=\"330\" alt=\"\"\/><\/a><\/div>\n<\/div>\n<div class=\" title_suite_2 col col-xs-12 col-lg-12\"> <a href=\"\/article\/1060531-la-commune-de-casablanca-lance-un-bureau-d-ordre-digital\"\/><span class=\"field-content\"> La commune de Casablanca lance un \u00abbureau d&rsquo;ordre digital\u00bb<\/span><\/div>\n<\/div>\n<\/div>\n<div class=\" col-xs-12 col-lg-4\">\n<div class=\"row\">\n<div class=\"col col-xs-12 col-lg-12\">\n<div class=\"field-content\"><a href=\"\/article\/1060530-marocains-bloques-l-etranger-el-azzaoui-interpelle-el-othmani\"><img loading=\"lazy\" decoding=\"async\" class=\"img-responsive\" typeof=\"foaf:Image\" src=\"https:\/\/www.leconomiste.com\/sites\/default\/files\/eco7\/public\/styles\/800x400\/public\/default_images\/default_une.jpg?itok=4jZlgnIZ\" width=\"660\" height=\"330\" alt=\"\"\/><\/a><\/div>\n<\/div>\n<div class=\" title_suite_2 col col-xs-12 col-lg-12\"> <a href=\"\/article\/1060530-marocains-bloques-l-etranger-el-azzaoui-interpelle-el-othmani\"\/><span class=\"field-content\">Marocains bloqu\u00e9s \u00e0 l&rsquo;\u00e9tranger: El Azzaoui interpelle El Othmani<\/span><\/div>\n<\/div>\n<\/div>\n<\/div>\n<\/div>\n<\/div>\n<\/div>\n<\/div>\n<p>Auteur: hlafriqi<br \/>\n<a href=\"https:\/\/www.leconomiste.com\/article\/1060529-des-reproches-contre-le-ministere-de-la-famille\">Cliquez ici pour lire l&rsquo;article depuis sa source.<\/a><\/p>\n","protected":false},"excerpt":{"rendered":"<p>\u00abTous avec toi\u00bb est un projet de l\u2019Union nationale des femmes du Maroc et non pas du minist\u00e8re de la Famille, rappellent des acteurs associatifs. Le confinement a d\u00e9terr\u00e9 les vieux cadavres: le d\u00e9partement que dirige le PJD \u00abchoisit les associations avec lesquelles il collabore\u00bb. Elles sont suppos\u00e9es avoir un fond id\u00e9ologique \u00abconservateur\u00bb. Ce crit\u00e8re [&hellip;]<\/p>\n","protected":false},"author":1763,"featured_media":0,"comment_status":"closed","ping_status":"closed","sticky":false,"template":"","format":"standard","meta":{"fifu_image_url":"","fifu_image_alt":"","footnotes":""},"categories":[78,54],"tags":[],"class_list":["post-82390","post","type-post","status-publish","format-standard","hentry","category-economie","category-maroc"],"_links":{"self":[{"href":"https:\/\/linitiative.ca\/International\/wp-json\/wp\/v2\/posts\/82390","targetHints":{"allow":["GET"]}}],"collection":[{"href":"https:\/\/linitiative.ca\/International\/wp-json\/wp\/v2\/posts"}],"about":[{"href":"https:\/\/linitiative.ca\/International\/wp-json\/wp\/v2\/types\/post"}],"author":[{"embeddable":true,"href":"https:\/\/linitiative.ca\/International\/wp-json\/wp\/v2\/users\/1763"}],"replies":[{"embeddable":true,"href":"https:\/\/linitiative.ca\/International\/wp-json\/wp\/v2\/comments?post=82390"}],"version-history":[{"count":0,"href":"https:\/\/linitiative.ca\/International\/wp-json\/wp\/v2\/posts\/82390\/revisions"}],"wp:attachment":[{"href":"https:\/\/linitiative.ca\/International\/wp-json\/wp\/v2\/media?parent=82390"}],"wp:term":[{"taxonomy":"category","embeddable":true,"href":"https:\/\/linitiative.ca\/International\/wp-json\/wp\/v2\/categories?post=82390"},{"taxonomy":"post_tag","embeddable":true,"href":"https:\/\/linitiative.ca\/International\/wp-json\/wp\/v2\/tags?post=82390"}],"curies":[{"name":"wp","href":"https:\/\/api.w.org\/{rel}","templated":true}]}}