{"id":82391,"date":"2020-04-14T13:28:36","date_gmt":"2020-04-14T17:28:36","guid":{"rendered":"https:\/\/linitiative.ca\/International\/marocains-bloques-a-letranger-el-azzaoui-interpelle-el-othmani\/"},"modified":"2020-04-14T13:28:36","modified_gmt":"2020-04-14T17:28:36","slug":"marocains-bloques-a-letranger-el-azzaoui-interpelle-el-othmani","status":"publish","type":"post","link":"https:\/\/linitiative.ca\/International\/marocains-bloques-a-letranger-el-azzaoui-interpelle-el-othmani\/","title":{"rendered":"Marocains bloqu\u00e9s \u00e0 l&rsquo;\u00e9tranger: El Azzaoui interpelle El Othmani"},"content":{"rendered":"<div class=\"body\">\n<div class=\"field field-name-body field-type-text-with-summary field-label-hidden\">\n<div class=\"field-items\" readability=\"10\">\n<div class=\"field-item even\" property=\"content:encoded\" readability=\"15\">\n<p class=\"rtejustify\">Le chef du gouvernement a \u00e9t\u00e9 interpell\u00e9 par plusieurs groupes parlementaires sur la situation des Marocains bloqu\u00e9s \u00e0 l&rsquo;\u00e9tranger. R\u00e9pondant \u00e0 une question orale d&rsquo;Ibtissam Azzaoui, d\u00e9put\u00e9 PAM, El Othmani a soulign\u00e9 que ce dossier concerne pr\u00e8s de 7.000 Marocains bloqu\u00e9s dans diff\u00e9rents pays. Une s\u00e9rie de mesures ont \u00e9t\u00e9 lanc\u00e9es pour les accompagner, notamment la cr\u00e9ation de cellules au niveau de l&rsquo;administration centrale, des missions diplomatiques, en plus de la mise \u00e0 disponibilit\u00e9 d&rsquo;un logement pour ceux qui ne peuvent pas couvrir les frais de leur s\u00e9jour.<\/p>\n<p class=\"rtejustify\"><em>M.A.M.<\/em><\/p>\n<\/div>\n<\/div>\n<\/div>\n<\/div>\n<div class=\"eco-conseil\">\n<div class=\"view view-eco-conseil-16 view-id-eco_conseil_16 view-display-id-cookies view-dom-id-c6606a9c7332417ae51c70a92d6b4f61\">\n<div class=\"view-content\">\n<div id=\"views-bootstrap-grid-1\" class=\"views-bootstrap-grid-plugin-style\">\n<div class=\"row\">\n<div class=\" col-xs-12 col-lg-4\">\n<div class=\"row\">\n<div class=\"col col-xs-12 col-lg-12\">\n<div class=\"field-content\"><a href=\"\/article\/1060532-des-recharges-telephoniques-pour-les-eleves-du-rural\"><img loading=\"lazy\" decoding=\"async\" class=\"img-responsive\" typeof=\"foaf:Image\" src=\"https:\/\/www.leconomiste.com\/sites\/default\/files\/eco7\/public\/styles\/800x400\/public\/default_images\/default_une.jpg?itok=4jZlgnIZ\" width=\"660\" height=\"330\" alt=\"\"\/><\/a><\/div>\n<\/div>\n<div class=\" title_suite_2 col col-xs-12 col-lg-12\"> <a href=\"\/article\/1060532-des-recharges-telephoniques-pour-les-eleves-du-rural\"\/><span class=\"field-content\">Des recharges t\u00e9l\u00e9phoniques pour les \u00e9l\u00e8ves du rural<\/span><\/div>\n<\/div>\n<\/div>\n<div class=\" col-xs-12 col-lg-4\">\n<div class=\"row\">\n<div class=\"col col-xs-12 col-lg-12\">\n<div class=\"field-content\"><a href=\"\/article\/1060531-la-commune-de-casablanca-lance-un-bureau-d-ordre-digital\"><img loading=\"lazy\" decoding=\"async\" class=\"img-responsive\" typeof=\"foaf:Image\" src=\"https:\/\/www.leconomiste.com\/sites\/default\/files\/eco7\/public\/styles\/800x400\/public\/default_images\/default_une.jpg?itok=4jZlgnIZ\" width=\"660\" height=\"330\" alt=\"\"\/><\/a><\/div>\n<\/div>\n<div class=\" title_suite_2 col col-xs-12 col-lg-12\"> <a href=\"\/article\/1060531-la-commune-de-casablanca-lance-un-bureau-d-ordre-digital\"\/><span class=\"field-content\"> La commune de Casablanca lance un \u00abbureau d&rsquo;ordre digital\u00bb<\/span><\/div>\n<\/div>\n<\/div>\n<div class=\" col-xs-12 col-lg-4\">\n<div class=\"row\">\n<div class=\"col col-xs-12 col-lg-12\">\n<div class=\"field-content\"><a href=\"\/article\/1060529-des-reproches-contre-le-ministere-de-la-famille\"><img loading=\"lazy\" decoding=\"async\" class=\"img-responsive\" typeof=\"foaf:Image\" src=\"https:\/\/www.leconomiste.com\/sites\/default\/files\/eco7\/public\/styles\/800x400\/public\/default_images\/default_une.jpg?itok=4jZlgnIZ\" width=\"660\" height=\"330\" alt=\"\"\/><\/a><\/div>\n<\/div>\n<div class=\" title_suite_2 col col-xs-12 col-lg-12\"> <a href=\"\/article\/1060529-des-reproches-contre-le-ministere-de-la-famille\"\/><span class=\"field-content\">Des reproches contre le minist\u00e8re de la Famille<\/span><\/div>\n<\/div>\n<\/div>\n<\/div>\n<\/div>\n<\/div>\n<\/div>\n<\/div>\n<p>Auteur: hlafriqi<br \/>\n<a href=\"https:\/\/www.leconomiste.com\/article\/1060530-marocains-bloques-l-etranger-el-azzaoui-interpelle-el-othmani\">Cliquez ici pour lire l&rsquo;article depuis sa source.<\/a><\/p>\n","protected":false},"excerpt":{"rendered":"<p>Le chef du gouvernement a \u00e9t\u00e9 interpell\u00e9 par plusieurs groupes parlementaires sur la situation des Marocains bloqu\u00e9s \u00e0 l&rsquo;\u00e9tranger. R\u00e9pondant \u00e0 une question orale d&rsquo;Ibtissam Azzaoui, d\u00e9put\u00e9 PAM, El Othmani a soulign\u00e9 que ce dossier concerne pr\u00e8s de 7.000 Marocains bloqu\u00e9s dans diff\u00e9rents pays. Une s\u00e9rie de mesures ont \u00e9t\u00e9 lanc\u00e9es pour les accompagner, notamment [&hellip;]<\/p>\n","protected":false},"author":1763,"featured_media":0,"comment_status":"closed","ping_status":"closed","sticky":false,"template":"","format":"standard","meta":{"fifu_image_url":"","fifu_image_alt":"","footnotes":""},"categories":[78,54],"tags":[],"class_list":["post-82391","post","type-post","status-publish","format-standard","hentry","category-economie","category-maroc"],"_links":{"self":[{"href":"https:\/\/linitiative.ca\/International\/wp-json\/wp\/v2\/posts\/82391","targetHints":{"allow":["GET"]}}],"collection":[{"href":"https:\/\/linitiative.ca\/International\/wp-json\/wp\/v2\/posts"}],"about":[{"href":"https:\/\/linitiative.ca\/International\/wp-json\/wp\/v2\/types\/post"}],"author":[{"embeddable":true,"href":"https:\/\/linitiative.ca\/International\/wp-json\/wp\/v2\/users\/1763"}],"replies":[{"embeddable":true,"href":"https:\/\/linitiative.ca\/International\/wp-json\/wp\/v2\/comments?post=82391"}],"version-history":[{"count":0,"href":"https:\/\/linitiative.ca\/International\/wp-json\/wp\/v2\/posts\/82391\/revisions"}],"wp:attachment":[{"href":"https:\/\/linitiative.ca\/International\/wp-json\/wp\/v2\/media?parent=82391"}],"wp:term":[{"taxonomy":"category","embeddable":true,"href":"https:\/\/linitiative.ca\/International\/wp-json\/wp\/v2\/categories?post=82391"},{"taxonomy":"post_tag","embeddable":true,"href":"https:\/\/linitiative.ca\/International\/wp-json\/wp\/v2\/tags?post=82391"}],"curies":[{"name":"wp","href":"https:\/\/api.w.org\/{rel}","templated":true}]}}