{"id":82392,"date":"2020-04-14T13:29:50","date_gmt":"2020-04-14T17:29:50","guid":{"rendered":"https:\/\/linitiative.ca\/International\/la-commune-de-casablanca-lance-un-bureau-dordre-digital\/"},"modified":"2020-04-14T13:29:50","modified_gmt":"2020-04-14T17:29:50","slug":"la-commune-de-casablanca-lance-un-bureau-dordre-digital","status":"publish","type":"post","link":"https:\/\/linitiative.ca\/International\/la-commune-de-casablanca-lance-un-bureau-dordre-digital\/","title":{"rendered":"La commune de Casablanca lance un \u00abbureau d&rsquo;ordre digital\u00bb"},"content":{"rendered":"<div class=\"body\">\n<div class=\"field field-name-body field-type-text-with-summary field-label-hidden\">\n<div class=\"field-items\" readability=\"9.67692307692\">\n<div class=\"field-item even\" property=\"content:encoded\" readability=\"14.5153846154\">\n<p class=\"rtejustify\">La commune de Casablanca\u00a0 vient de lancer un \u00abbureau d&rsquo;ordre digital\u00bb, en vue de limiter les d\u00e9placements des citoyens et enrayer la propagation du nouveau coronavirus. Le site \u00ab<a href=\"http:\/\/www.casablancacity.ma\">www.casablancacity.ma<\/a>\u00bb a int\u00e9gr\u00e9, depuis le 8 avril, la rubrique \u00abbureau d&rsquo;ordre digital\u00bb pour g\u00e9rer \u00e9lectroniquement les flux des courriers entrants et sortants. Ce nouveau service permet aux administr\u00e9s de d\u00e9poser leurs correspondances administratives \u00e0 distance, en \u00e9change d&rsquo;un accus\u00e9 de r\u00e9ception num\u00e9rique contenant le num\u00e9ro et la date de correspondance pour simplifier le suivi \u00e0 distance, via l&rsquo;adresse \u00e9lectronique ou par t\u00e9l\u00e9phone.<\/p>\n<p class=\"rtejustify\"><em>A.E.<\/em><\/p>\n<\/div>\n<\/div>\n<\/div>\n<\/div>\n<div class=\"eco-conseil\">\n<div class=\"view view-eco-conseil-16 view-id-eco_conseil_16 view-display-id-cookies view-dom-id-ca8d8b5f6ebe93ca5ed6d358aeddf7f4\">\n<div class=\"view-content\">\n<div id=\"views-bootstrap-grid-1\" class=\"views-bootstrap-grid-plugin-style\">\n<div class=\"row\">\n<div class=\" col-xs-12 col-lg-4\">\n<div class=\"row\">\n<div class=\"col col-xs-12 col-lg-12\">\n<div class=\"field-content\"><a href=\"\/article\/1060532-des-recharges-telephoniques-pour-les-eleves-du-rural\"><img loading=\"lazy\" decoding=\"async\" class=\"img-responsive\" typeof=\"foaf:Image\" src=\"https:\/\/www.leconomiste.com\/sites\/default\/files\/eco7\/public\/styles\/800x400\/public\/default_images\/default_une.jpg?itok=4jZlgnIZ\" width=\"660\" height=\"330\" alt=\"\"\/><\/a><\/div>\n<\/div>\n<div class=\" title_suite_2 col col-xs-12 col-lg-12\"> <a href=\"\/article\/1060532-des-recharges-telephoniques-pour-les-eleves-du-rural\"\/><span class=\"field-content\">Des recharges t\u00e9l\u00e9phoniques pour les \u00e9l\u00e8ves du rural<\/span><\/div>\n<\/div>\n<\/div>\n<div class=\" col-xs-12 col-lg-4\">\n<div class=\"row\">\n<div class=\"col col-xs-12 col-lg-12\">\n<div class=\"field-content\"><a href=\"\/article\/1060530-marocains-bloques-l-etranger-el-azzaoui-interpelle-el-othmani\"><img loading=\"lazy\" decoding=\"async\" class=\"img-responsive\" typeof=\"foaf:Image\" src=\"https:\/\/www.leconomiste.com\/sites\/default\/files\/eco7\/public\/styles\/800x400\/public\/default_images\/default_une.jpg?itok=4jZlgnIZ\" width=\"660\" height=\"330\" alt=\"\"\/><\/a><\/div>\n<\/div>\n<div class=\" title_suite_2 col col-xs-12 col-lg-12\"> <a href=\"\/article\/1060530-marocains-bloques-l-etranger-el-azzaoui-interpelle-el-othmani\"\/><span class=\"field-content\">Marocains bloqu\u00e9s \u00e0 l&rsquo;\u00e9tranger: El Azzaoui interpelle El Othmani<\/span><\/div>\n<\/div>\n<\/div>\n<div class=\" col-xs-12 col-lg-4\">\n<div class=\"row\">\n<div class=\"col col-xs-12 col-lg-12\">\n<div class=\"field-content\"><a href=\"\/article\/1060529-des-reproches-contre-le-ministere-de-la-famille\"><img loading=\"lazy\" decoding=\"async\" class=\"img-responsive\" typeof=\"foaf:Image\" src=\"https:\/\/www.leconomiste.com\/sites\/default\/files\/eco7\/public\/styles\/800x400\/public\/default_images\/default_une.jpg?itok=4jZlgnIZ\" width=\"660\" height=\"330\" alt=\"\"\/><\/a><\/div>\n<\/div>\n<div class=\" title_suite_2 col col-xs-12 col-lg-12\"> <a href=\"\/article\/1060529-des-reproches-contre-le-ministere-de-la-famille\"\/><span class=\"field-content\">Des reproches contre le minist\u00e8re de la Famille<\/span><\/div>\n<\/div>\n<\/div>\n<\/div>\n<\/div>\n<\/div>\n<\/div>\n<\/div>\n<p>Auteur: hlafriqi<br \/>\n<a href=\"https:\/\/www.leconomiste.com\/article\/1060531-la-commune-de-casablanca-lance-un-bureau-d-ordre-digital\">Cliquez ici pour lire l&rsquo;article depuis sa source.<\/a><\/p>\n","protected":false},"excerpt":{"rendered":"<p>La commune de Casablanca\u00a0 vient de lancer un \u00abbureau d&rsquo;ordre digital\u00bb, en vue de limiter les d\u00e9placements des citoyens et enrayer la propagation du nouveau coronavirus. Le site \u00abwww.casablancacity.ma\u00bb a int\u00e9gr\u00e9, depuis le 8 avril, la rubrique \u00abbureau d&rsquo;ordre digital\u00bb pour g\u00e9rer \u00e9lectroniquement les flux des courriers entrants et sortants. Ce nouveau service permet aux [&hellip;]<\/p>\n","protected":false},"author":1763,"featured_media":0,"comment_status":"closed","ping_status":"closed","sticky":false,"template":"","format":"standard","meta":{"fifu_image_url":"","fifu_image_alt":"","footnotes":""},"categories":[78,54],"tags":[],"class_list":["post-82392","post","type-post","status-publish","format-standard","hentry","category-economie","category-maroc"],"_links":{"self":[{"href":"https:\/\/linitiative.ca\/International\/wp-json\/wp\/v2\/posts\/82392","targetHints":{"allow":["GET"]}}],"collection":[{"href":"https:\/\/linitiative.ca\/International\/wp-json\/wp\/v2\/posts"}],"about":[{"href":"https:\/\/linitiative.ca\/International\/wp-json\/wp\/v2\/types\/post"}],"author":[{"embeddable":true,"href":"https:\/\/linitiative.ca\/International\/wp-json\/wp\/v2\/users\/1763"}],"replies":[{"embeddable":true,"href":"https:\/\/linitiative.ca\/International\/wp-json\/wp\/v2\/comments?post=82392"}],"version-history":[{"count":0,"href":"https:\/\/linitiative.ca\/International\/wp-json\/wp\/v2\/posts\/82392\/revisions"}],"wp:attachment":[{"href":"https:\/\/linitiative.ca\/International\/wp-json\/wp\/v2\/media?parent=82392"}],"wp:term":[{"taxonomy":"category","embeddable":true,"href":"https:\/\/linitiative.ca\/International\/wp-json\/wp\/v2\/categories?post=82392"},{"taxonomy":"post_tag","embeddable":true,"href":"https:\/\/linitiative.ca\/International\/wp-json\/wp\/v2\/tags?post=82392"}],"curies":[{"name":"wp","href":"https:\/\/api.w.org\/{rel}","templated":true}]}}