{"id":82393,"date":"2020-04-14T13:31:47","date_gmt":"2020-04-14T17:31:47","guid":{"rendered":"https:\/\/linitiative.ca\/International\/des-recharges-telephoniques-pour-les-eleves-du-rural\/"},"modified":"2020-04-14T13:31:47","modified_gmt":"2020-04-14T17:31:47","slug":"des-recharges-telephoniques-pour-les-eleves-du-rural","status":"publish","type":"post","link":"https:\/\/linitiative.ca\/International\/des-recharges-telephoniques-pour-les-eleves-du-rural\/","title":{"rendered":"Des recharges t\u00e9l\u00e9phoniques pour les \u00e9l\u00e8ves du rural"},"content":{"rendered":"<div class=\"author\" readability=\"5.69491525424\">Par <a href=\"\/content\/ahlam-nazih\"> Ahlam NAZIH<\/a> <a href=\"\/node\/\"> <\/a> | Edition N\u00b0:5741 Le 15\/04\/2020 | Partager <\/div>\n<div class=\"body\">\n<div class=\"field field-name-body field-type-text-with-summary field-label-hidden\">\n<div class=\"field-items\" readability=\"10\">\n<div class=\"field-item even\" property=\"content:encoded\" readability=\"15\">\n<p class=\"rtejustify\">L\u2019ONG MekkiL\u2019, dont le si\u00e8ge est \u00e0 Paris, avec une antenne \u00e0 Marrakech, pr\u00e9voit d\u2019offrir des recharges t\u00e9l\u00e9phoniques aux \u00e9l\u00e8ves du monde rural exclus du e-learning. La premi\u00e8re op\u00e9ration se d\u00e9roulera bient\u00f4t \u00e0 Douar Seraghna \u00e0 Tassoultante (r\u00e9gion de Marrakech), en partenariat avec une autre association (Fath). Chaque \u00e9l\u00e8ve aura droit \u00e0 une recharge de 100 DH par mois. La priorit\u00e9 sera donn\u00e9e aux \u00e9l\u00e8ves de 6e ann\u00e9e du primaire, ainsi qu&rsquo;\u00e0 ceux du coll\u00e8ge et lyc\u00e9e.<\/p>\n<p class=\"rtejustify\"><em>A.Na. <\/em><\/p>\n<\/div>\n<\/div>\n<\/div>\n<\/div>\n<div class=\"eco-conseil\">\n<div class=\"view view-eco-conseil-16 view-id-eco_conseil_16 view-display-id-cookies view-dom-id-445bc626b2775f7d031cc853c41431c6\">\n<div class=\"view-content\">\n<div id=\"views-bootstrap-grid-1\" class=\"views-bootstrap-grid-plugin-style\">\n<div class=\"row\">\n<div class=\" col-xs-12 col-lg-4\">\n<div class=\"row\">\n<div class=\"col col-xs-12 col-lg-12\">\n<div class=\"field-content\"><a href=\"\/article\/1060531-la-commune-de-casablanca-lance-un-bureau-d-ordre-digital\"><img loading=\"lazy\" decoding=\"async\" class=\"img-responsive\" typeof=\"foaf:Image\" src=\"https:\/\/www.leconomiste.com\/sites\/default\/files\/eco7\/public\/styles\/800x400\/public\/default_images\/default_une.jpg?itok=4jZlgnIZ\" width=\"660\" height=\"330\" alt=\"\"\/><\/a><\/div>\n<\/div>\n<div class=\" title_suite_2 col col-xs-12 col-lg-12\"> <a href=\"\/article\/1060531-la-commune-de-casablanca-lance-un-bureau-d-ordre-digital\"\/><span class=\"field-content\"> La commune de Casablanca lance un \u00abbureau d&rsquo;ordre digital\u00bb<\/span><\/div>\n<\/div>\n<\/div>\n<div class=\" col-xs-12 col-lg-4\">\n<div class=\"row\">\n<div class=\"col col-xs-12 col-lg-12\">\n<div class=\"field-content\"><a href=\"\/article\/1060530-marocains-bloques-l-etranger-el-azzaoui-interpelle-el-othmani\"><img loading=\"lazy\" decoding=\"async\" class=\"img-responsive\" typeof=\"foaf:Image\" src=\"https:\/\/www.leconomiste.com\/sites\/default\/files\/eco7\/public\/styles\/800x400\/public\/default_images\/default_une.jpg?itok=4jZlgnIZ\" width=\"660\" height=\"330\" alt=\"\"\/><\/a><\/div>\n<\/div>\n<div class=\" title_suite_2 col col-xs-12 col-lg-12\"> <a href=\"\/article\/1060530-marocains-bloques-l-etranger-el-azzaoui-interpelle-el-othmani\"\/><span class=\"field-content\">Marocains bloqu\u00e9s \u00e0 l&rsquo;\u00e9tranger: El Azzaoui interpelle El Othmani<\/span><\/div>\n<\/div>\n<\/div>\n<div class=\" col-xs-12 col-lg-4\">\n<div class=\"row\">\n<div class=\"col col-xs-12 col-lg-12\">\n<div class=\"field-content\"><a href=\"\/article\/1060529-des-reproches-contre-le-ministere-de-la-famille\"><img loading=\"lazy\" decoding=\"async\" class=\"img-responsive\" typeof=\"foaf:Image\" src=\"https:\/\/www.leconomiste.com\/sites\/default\/files\/eco7\/public\/styles\/800x400\/public\/default_images\/default_une.jpg?itok=4jZlgnIZ\" width=\"660\" height=\"330\" alt=\"\"\/><\/a><\/div>\n<\/div>\n<div class=\" title_suite_2 col col-xs-12 col-lg-12\"> <a href=\"\/article\/1060529-des-reproches-contre-le-ministere-de-la-famille\"\/><span class=\"field-content\">Des reproches contre le minist\u00e8re de la Famille<\/span><\/div>\n<\/div>\n<\/div>\n<\/div>\n<\/div>\n<\/div>\n<\/div>\n<\/div>\n<p>Auteur: hlafriqi<br \/>\n<a href=\"https:\/\/www.leconomiste.com\/article\/1060532-des-recharges-telephoniques-pour-les-eleves-du-rural\">Cliquez ici pour lire l&rsquo;article depuis sa source.<\/a><\/p>\n","protected":false},"excerpt":{"rendered":"<p>Par Ahlam NAZIH | Edition N\u00b0:5741 Le 15\/04\/2020 | Partager L\u2019ONG MekkiL\u2019, dont le si\u00e8ge est \u00e0 Paris, avec une antenne \u00e0 Marrakech, pr\u00e9voit d\u2019offrir des recharges t\u00e9l\u00e9phoniques aux \u00e9l\u00e8ves du monde rural exclus du e-learning. La premi\u00e8re op\u00e9ration se d\u00e9roulera bient\u00f4t \u00e0 Douar Seraghna \u00e0 Tassoultante (r\u00e9gion de Marrakech), en partenariat avec une autre [&hellip;]<\/p>\n","protected":false},"author":1763,"featured_media":0,"comment_status":"closed","ping_status":"closed","sticky":false,"template":"","format":"standard","meta":{"fifu_image_url":"","fifu_image_alt":"","footnotes":""},"categories":[78,54],"tags":[],"class_list":["post-82393","post","type-post","status-publish","format-standard","hentry","category-economie","category-maroc"],"_links":{"self":[{"href":"https:\/\/linitiative.ca\/International\/wp-json\/wp\/v2\/posts\/82393","targetHints":{"allow":["GET"]}}],"collection":[{"href":"https:\/\/linitiative.ca\/International\/wp-json\/wp\/v2\/posts"}],"about":[{"href":"https:\/\/linitiative.ca\/International\/wp-json\/wp\/v2\/types\/post"}],"author":[{"embeddable":true,"href":"https:\/\/linitiative.ca\/International\/wp-json\/wp\/v2\/users\/1763"}],"replies":[{"embeddable":true,"href":"https:\/\/linitiative.ca\/International\/wp-json\/wp\/v2\/comments?post=82393"}],"version-history":[{"count":0,"href":"https:\/\/linitiative.ca\/International\/wp-json\/wp\/v2\/posts\/82393\/revisions"}],"wp:attachment":[{"href":"https:\/\/linitiative.ca\/International\/wp-json\/wp\/v2\/media?parent=82393"}],"wp:term":[{"taxonomy":"category","embeddable":true,"href":"https:\/\/linitiative.ca\/International\/wp-json\/wp\/v2\/categories?post=82393"},{"taxonomy":"post_tag","embeddable":true,"href":"https:\/\/linitiative.ca\/International\/wp-json\/wp\/v2\/tags?post=82393"}],"curies":[{"name":"wp","href":"https:\/\/api.w.org\/{rel}","templated":true}]}}