{"id":82401,"date":"2020-04-14T15:11:30","date_gmt":"2020-04-14T19:11:30","guid":{"rendered":"https:\/\/linitiative.ca\/International\/pros-cette-statistique-qui-met-plus-en-valeur-bennacer\/"},"modified":"2020-04-14T15:11:30","modified_gmt":"2020-04-14T19:11:30","slug":"pros-cette-statistique-qui-met-plus-en-valeur-bennacer","status":"publish","type":"post","link":"https:\/\/linitiative.ca\/International\/pros-cette-statistique-qui-met-plus-en-valeur-bennacer\/","title":{"rendered":"Pros : Cette statistique qui met plus en valeur Bennacer"},"content":{"rendered":"<div readability=\"32\">\n<p>Auteur : <span>Moumen A.<\/span> <span class=\"time\">mardi 14 avril 2020 18:20<\/span><\/p>\n<\/div>\n<div id=\"post_core\" readability=\"45\">\n<p>Le milieu de terrain international alg\u00e9rien, Ismael Bennacer, titulaire indiscutable depuis l\u2019arriv\u00e9e de Stephano Pioli au Milan AC participe grandement aux performances de son \u00e9quipe. Sans \u00eatre certes buteur d\u00e9cisif, l\u2019ancien Guenners d\u2019Arsenal, est un\u00a0 joueur disponible qui offre des solutions \u00e0 ses camarades notamment en relance. C\u2019est aussi le joueur qui court beaucoup sur un terrain de football.<br \/><strong>Il devance Kessi\u00e9 et Calhano\u011flu<\/strong><br \/>La coqueluche des Verts du Milan AC est le milieu de terrain qui d\u00e9tient la plus grande moyenne de\u00a0kilom\u00e8tres parcourus\u00a0 dans un match\u00a0 au sein de\u00a0son \u00e9quipe.\u00a0 Ismael Bennacer est le seul joueur milanais qui parcourt\u00a0 en moyenne 10, 82 km par match.\u00a0 Soit, un\u00a0 petit peu plus que son complice au milieu de terrain l\u2019Ivoirien Franck Kessie avec10,684 km et Hakan Calhano\u011flu 10,521 km.\u00a0<\/p>\n<p><strong>Publi\u00e9 dans :<\/strong> <span>djamel belmadi<\/span> <span>Ismael Bennacer<\/span><\/p>\n<\/div>\n<p>Auteur:<br \/>\n<a href=\"http:\/\/www.lebuteur.com\/article\/detail?titre=cette-statistique-qui-met-plus-en-valeur-bennacer&#038;id=95625&#038;utm_source=feedburner&#038;utm_medium=feed&#038;utm_campaign=Feed%3A+GalerieFArtciles+%28Les+derniers+articles++-+lebuteur.com%29\">Cliquez ici pour lire l&rsquo;article depuis sa source.<\/a><\/p>\n","protected":false},"excerpt":{"rendered":"<p>Auteur : Moumen A. mardi 14 avril 2020 18:20 Le milieu de terrain international alg\u00e9rien, Ismael Bennacer, titulaire indiscutable depuis l\u2019arriv\u00e9e de Stephano Pioli au Milan AC participe grandement aux performances de son \u00e9quipe. Sans \u00eatre certes buteur d\u00e9cisif, l\u2019ancien Guenners d\u2019Arsenal, est un\u00a0 joueur disponible qui offre des solutions \u00e0 ses camarades notamment en [&hellip;]<\/p>\n","protected":false},"author":1738,"featured_media":82402,"comment_status":"closed","ping_status":"closed","sticky":false,"template":"","format":"standard","meta":{"fifu_image_url":"","fifu_image_alt":"","footnotes":""},"categories":[53,75],"tags":[],"class_list":["post-82401","post","type-post","status-publish","format-standard","has-post-thumbnail","hentry","category-algerie","category-sport"],"_links":{"self":[{"href":"https:\/\/linitiative.ca\/International\/wp-json\/wp\/v2\/posts\/82401","targetHints":{"allow":["GET"]}}],"collection":[{"href":"https:\/\/linitiative.ca\/International\/wp-json\/wp\/v2\/posts"}],"about":[{"href":"https:\/\/linitiative.ca\/International\/wp-json\/wp\/v2\/types\/post"}],"author":[{"embeddable":true,"href":"https:\/\/linitiative.ca\/International\/wp-json\/wp\/v2\/users\/1738"}],"replies":[{"embeddable":true,"href":"https:\/\/linitiative.ca\/International\/wp-json\/wp\/v2\/comments?post=82401"}],"version-history":[{"count":0,"href":"https:\/\/linitiative.ca\/International\/wp-json\/wp\/v2\/posts\/82401\/revisions"}],"wp:featuredmedia":[{"embeddable":true,"href":"https:\/\/linitiative.ca\/International\/wp-json\/"}],"wp:attachment":[{"href":"https:\/\/linitiative.ca\/International\/wp-json\/wp\/v2\/media?parent=82401"}],"wp:term":[{"taxonomy":"category","embeddable":true,"href":"https:\/\/linitiative.ca\/International\/wp-json\/wp\/v2\/categories?post=82401"},{"taxonomy":"post_tag","embeddable":true,"href":"https:\/\/linitiative.ca\/International\/wp-json\/wp\/v2\/tags?post=82401"}],"curies":[{"name":"wp","href":"https:\/\/api.w.org\/{rel}","templated":true}]}}