{"id":82407,"date":"2020-04-14T15:11:35","date_gmt":"2020-04-14T19:11:35","guid":{"rendered":"https:\/\/linitiative.ca\/International\/pros-idriss-saadi-a-tranche-pour-la-suite-de-sa-carriere\/"},"modified":"2020-04-14T15:11:35","modified_gmt":"2020-04-14T19:11:35","slug":"pros-idriss-saadi-a-tranche-pour-la-suite-de-sa-carriere","status":"publish","type":"post","link":"https:\/\/linitiative.ca\/International\/pros-idriss-saadi-a-tranche-pour-la-suite-de-sa-carriere\/","title":{"rendered":"Pros : Idriss saadi a tranch\u00e9 pour la suite de sa carri\u00e8re !"},"content":{"rendered":"<div readability=\"32\">\n<p>Auteur : <span class=\"time\">mardi 14 avril 2020 19:06<\/span><\/p>\n<\/div>\n<div id=\"post_core\" readability=\"53\">\n<p>Le confinement \u00e0 l&rsquo;oeuvre dans la plupart des pays europ\u00e9ens donne l&rsquo;occasion de prendre des nouvelles de ceux qui ont quitt\u00e9 le championnat de France&#8230; comme de ceux qui comptent y revenir vite. Au terme de la saison pass\u00e9e, Idriss Saadi a \u00e9t\u00e9 pr\u00eat\u00e9 par son club, le Racing Club de Strasbourg, au Cercle Bruges, en Jupiler Pro League. Au repos forc\u00e9 lui aussi, du fait de la pand\u00e9mie de coronavirus, le joueur a donn\u00e9 de ses nouvelles au Club 1906, \u00e9mission d\u00e9di\u00e9e au club de Direct Racing. L&rsquo;international alg\u00e9rien a d&rsquo;abord confi\u00e9 qu&rsquo;il n&rsquo;avait pas de nouvelles de son entra\u00eeneur, Thierry Laurey, mais ne s&rsquo;en inqui\u00e9tais pas. \u00ab\u00a0Je n&rsquo;ai pas eu d&rsquo;appels du coach. Je ne pense pas qu&rsquo;il soit adepte du fait d&rsquo;appeler les joueurs. Il ne fonctionne pas comme \u00e7a. Il fait appeler les adjoints ou quelqu&rsquo;un d&rsquo;autre au club. Donc pas d&rsquo;appels de sa part\u00a0\u00bb a-t-il expliqu\u00e9. Pour autant, l&rsquo;ancien de Rennes compte bien retrouver l&rsquo;Alsace cet \u00e9t\u00e9. \u00a0En pr\u00eat \u00e0 Bruges cette saison, Saadi compte bien revenir et s&rsquo;imposer en Alsace. \u00ab\u00a0J&rsquo;ai \u00e9t\u00e9 en contact avec eux (le Racing, ndlr) parce que c&rsquo;\u00e9tait la sortie du mercato hivernal puis par rapport \u00e0 la fin de saison. On a fait un petit point\u00a0\u00bb a-t-il expliqu\u00e9. \u00ab\u00a0Au niveau personnel, il me reste un an de contrat et c&rsquo;est clair et net qu&rsquo;\u00e0 80% je veux rester\u00a0\u00bb a-t-il ensuite assur\u00e9 avant de conclure qu&rsquo;il souhaitait \u00ab\u00a0\u00e0 100%\u00a0\u00bb retrouver le Racing, mais qu&rsquo;\u00e9videmment, dans le football, l&rsquo;avenir reste difficile \u00e0 pr\u00e9voir rapporte Onzemondial.com.<\/p>\n<p><strong>Publi\u00e9 dans :<\/strong> <span>Idriss Sa\u00e2di<\/span><\/p>\n<\/div>\n<p>Auteur:<br \/>\n<a href=\"http:\/\/www.lebuteur.com\/article\/detail?titre=idriss-saadi-a-tranche-pour-la-suite-de-sa-carriere&#038;id=95628&#038;utm_source=feedburner&#038;utm_medium=feed&#038;utm_campaign=Feed%3A+GalerieFArtciles+%28Les+derniers+articles++-+lebuteur.com%29\">Cliquez ici pour lire l&rsquo;article depuis sa source.<\/a><\/p>\n","protected":false},"excerpt":{"rendered":"<p>Auteur : mardi 14 avril 2020 19:06 Le confinement \u00e0 l&rsquo;oeuvre dans la plupart des pays europ\u00e9ens donne l&rsquo;occasion de prendre des nouvelles de ceux qui ont quitt\u00e9 le championnat de France&#8230; comme de ceux qui comptent y revenir vite. Au terme de la saison pass\u00e9e, Idriss Saadi a \u00e9t\u00e9 pr\u00eat\u00e9 par son club, le [&hellip;]<\/p>\n","protected":false},"author":1738,"featured_media":82408,"comment_status":"closed","ping_status":"closed","sticky":false,"template":"","format":"standard","meta":{"fifu_image_url":"","fifu_image_alt":"","footnotes":""},"categories":[53,75],"tags":[],"class_list":["post-82407","post","type-post","status-publish","format-standard","has-post-thumbnail","hentry","category-algerie","category-sport"],"_links":{"self":[{"href":"https:\/\/linitiative.ca\/International\/wp-json\/wp\/v2\/posts\/82407","targetHints":{"allow":["GET"]}}],"collection":[{"href":"https:\/\/linitiative.ca\/International\/wp-json\/wp\/v2\/posts"}],"about":[{"href":"https:\/\/linitiative.ca\/International\/wp-json\/wp\/v2\/types\/post"}],"author":[{"embeddable":true,"href":"https:\/\/linitiative.ca\/International\/wp-json\/wp\/v2\/users\/1738"}],"replies":[{"embeddable":true,"href":"https:\/\/linitiative.ca\/International\/wp-json\/wp\/v2\/comments?post=82407"}],"version-history":[{"count":0,"href":"https:\/\/linitiative.ca\/International\/wp-json\/wp\/v2\/posts\/82407\/revisions"}],"wp:featuredmedia":[{"embeddable":true,"href":"https:\/\/linitiative.ca\/International\/wp-json\/"}],"wp:attachment":[{"href":"https:\/\/linitiative.ca\/International\/wp-json\/wp\/v2\/media?parent=82407"}],"wp:term":[{"taxonomy":"category","embeddable":true,"href":"https:\/\/linitiative.ca\/International\/wp-json\/wp\/v2\/categories?post=82407"},{"taxonomy":"post_tag","embeddable":true,"href":"https:\/\/linitiative.ca\/International\/wp-json\/wp\/v2\/tags?post=82407"}],"curies":[{"name":"wp","href":"https:\/\/api.w.org\/{rel}","templated":true}]}}