{"id":82410,"date":"2020-04-14T15:16:37","date_gmt":"2020-04-14T19:16:37","guid":{"rendered":"https:\/\/linitiative.ca\/International\/reforme-du-secteur-de-la-sante-les-professionnels-saluent-lengagement-du-president-tebboune\/"},"modified":"2020-04-14T15:16:37","modified_gmt":"2020-04-14T19:16:37","slug":"reforme-du-secteur-de-la-sante-les-professionnels-saluent-lengagement-du-president-tebboune","status":"publish","type":"post","link":"https:\/\/linitiative.ca\/International\/reforme-du-secteur-de-la-sante-les-professionnels-saluent-lengagement-du-president-tebboune\/","title":{"rendered":"R\u00e9forme du secteur de la sant\u00e9 : Les professionnels saluent l\u2019engagement du pr\u00e9sident Tebboune"},"content":{"rendered":"<p><strong>Des mesures de restructuration totale du syst\u00e8me national de sant\u00e9 seront prises en m\u00eame temps que l&rsquo;am\u00e9lioration des conditions de travail des professionnels du secteur, a d\u00e9clar\u00e9, lundi dernier, le pr\u00e9sident de la R\u00e9publique, Abdelmadjid Tebboune.<\/strong><\/p>\n<p>Khemis Ali, de la F\u00e9d\u00e9ration nationale des personnels de la sant\u00e9 publique explique que \u00ables difficult\u00e9s vont croissant depuis plusieurs ann\u00e9es\u00bb. Il ajoute que \u00ab la pand\u00e9mie du Coronavirus a r\u00e9v\u00e9l\u00e9 \u00e0 l&rsquo;opinion publique beaucoup d&rsquo;anomalies et manquements dans la gestion des structures et \u00e9tablissements hospitaliers\u00bb.<br \/>Pour M. Khemis, \u00abla visite du pr\u00e9sident de la R\u00e9publique aux structures de sant\u00e9 a \u00e9t\u00e9 l&rsquo;occasion pour lui de constater de pr\u00e8s l&rsquo;\u00e9tat dans lequel se trouve l\u2019h\u00f4pital public et le secteur de la sant\u00e9 en g\u00e9n\u00e9ral\u00bb.<br \/>Pour lui, les d\u00e9clarations du pr\u00e9sident arrivent \u00e0 point nomm\u00e9. Ce que d\u00e9plorent le personnel de la sant\u00e9, selon M. Khemis, \u00abest de ne pas pouvoir prodiguer des soins de qualit\u00e9\u00bb et il y a vraiment une exasp\u00e9ration pr\u00e9gnante \u00e0 l&rsquo;h\u00f4pital partag\u00e9e par tous les professionnels de la sant\u00e9\u00bb. Soulignant ce qu&rsquo;il estime \u00eatre \u00abun d\u00e9calage entre les exigences professionnelles et la r\u00e9alit\u00e9 du terrain\u00bb, M. Khemis estime qu&rsquo;il est temps de r\u00e9fl\u00e9chir \u00e0 \u00abune strat\u00e9gie de r\u00e9formes du secteur avec en priorit\u00e9, la formation en continu et envisager la promotion de l\u2019investissement dans le domaine de l&rsquo;industrie pharmaceutique\u00bb. Le syndicaliste souligne l&rsquo;importance de faire appel \u00e0 la collaboration entre les \u00e9tablissements hospitaliers et les industriels afin de prendre en charge les besoins des h\u00f4pitaux dans les plus brefs d\u00e9lais et ne pas subir de p\u00e9nuries, notamment dans les p\u00e9riodes de crise, et limiter ainsi le recours \u00e0 l&rsquo;importation des \u00e9quipements sophistiqu\u00e9s\u00bb. M. Khemis estime par ailleurs, qu&rsquo;il faut revoir la loi n\u00b018-11 sur la sant\u00e9, notamment les dispositions relatives \u00e0 la cr\u00e9ation d&rsquo;une carte sanitaire adapt\u00e9e aux sp\u00e9cificit\u00e9s de chaque r\u00e9gion.\u00a0 Le syndicaliste fait savoir qu&rsquo;il faut r\u00e9fl\u00e9chir \u00e0 la r\u00e9partition des sp\u00e9cialit\u00e9s sur la carte sanitaire pour pallier au manque de personnels et l&rsquo;accroissement de l&rsquo;activit\u00e9 dans l&rsquo;objectif de r\u00e9duire le foss\u00e9 entre les r\u00e9gions en mati\u00e8re d&rsquo;acc\u00e8s aux soins et garantir \u00e0 toute la population un acc\u00e8s \u00e9quitable \u00e0 des services de qualit\u00e9.<br \/>Loun\u00e8s Ghachi, pr\u00e9sident du Syndicat alg\u00e9rien des param\u00e9dicaux, salue l&rsquo;int\u00e9r\u00eat accord\u00e9 \u00e0 la cr\u00e9ation de l&rsquo;Agence nationale de la s\u00e9curit\u00e9 sanitaire. Cependant, il estime que les d\u00e9faillances constat\u00e9es jusque-l\u00e0 sont la cons\u00e9quence logique d&rsquo;une crise de gestion structurelle du secteur de la sant\u00e9.<br \/>Pour le pr\u00e9sident du Syndicat, les responsables doivent se pencher sur les probl\u00e8mes de gestion et sur le plan organique pour sortir le syst\u00e8me de sant\u00e9 de l\u2019\u00e9tat de d\u00e9liquescence. \u00abLa volont\u00e9 de r\u00e9forme se heurte le plus souvent au mur \u00e9pais de la bureaucratie et de la lenteur de la mise en \u0153uvre des strat\u00e9gies publiques\u00bb, dit-il.<br \/>Il importe, selon M. Ghachi, \u00abd&rsquo;impliquer les professionnels de la sant\u00e9 dans les strat\u00e9gies \u00e9labor\u00e9s par les autorit\u00e9s publiques\u00bb.<br \/>Il ajoute que \u00abla restructuration totale du secteur de la sant\u00e9 est une exigence et ne passera pas sans la mise en place des moyens pour accompagner au quotidien les professionnels de sant\u00e9\u00bb. Pour lui, \u00abces derniers sont sur le terrain et sont mieux plac\u00e9s pour r\u00e9fl\u00e9chir sur les d\u00e9faillances\u00bb et explique que l&rsquo;\u00e9pid\u00e9mie a montr\u00e9 que le pays poss\u00e8de des infrastructures et des comp\u00e9tences dans tous les \u00e9tablissements. \u00abLe d\u00e9veloppement des structures et \u00e9quipements sanitaires et la formation de la ressource humaine sont \u00e9galement parmi les piliers de la r\u00e9forme\u00bb, estime M. Ghachi.<br \/>\u00a0\u00a0\u00a0 Tahar Ka\u00efdi<\/p>\n<p>Auteur: elmoudjahid<br \/>\n<a href=\"http:\/\/www.elmoudjahid.com\/fr\/actualites\/151505\">Cliquez ici pour lire l&rsquo;article depuis sa source.<\/a><\/p>\n","protected":false},"excerpt":{"rendered":"<p>Des mesures de restructuration totale du syst\u00e8me national de sant\u00e9 seront prises en m\u00eame temps que l&rsquo;am\u00e9lioration des conditions de travail des professionnels du secteur, a d\u00e9clar\u00e9, lundi dernier, le pr\u00e9sident de la R\u00e9publique, Abdelmadjid Tebboune. Khemis Ali, de la F\u00e9d\u00e9ration nationale des personnels de la sant\u00e9 publique explique que \u00ables difficult\u00e9s vont croissant depuis [&hellip;]<\/p>\n","protected":false},"author":1744,"featured_media":0,"comment_status":"closed","ping_status":"closed","sticky":false,"template":"","format":"standard","meta":{"fifu_image_url":"","fifu_image_alt":"","footnotes":""},"categories":[73,53],"tags":[],"class_list":["post-82410","post","type-post","status-publish","format-standard","hentry","category-actualite","category-algerie"],"_links":{"self":[{"href":"https:\/\/linitiative.ca\/International\/wp-json\/wp\/v2\/posts\/82410","targetHints":{"allow":["GET"]}}],"collection":[{"href":"https:\/\/linitiative.ca\/International\/wp-json\/wp\/v2\/posts"}],"about":[{"href":"https:\/\/linitiative.ca\/International\/wp-json\/wp\/v2\/types\/post"}],"author":[{"embeddable":true,"href":"https:\/\/linitiative.ca\/International\/wp-json\/wp\/v2\/users\/1744"}],"replies":[{"embeddable":true,"href":"https:\/\/linitiative.ca\/International\/wp-json\/wp\/v2\/comments?post=82410"}],"version-history":[{"count":0,"href":"https:\/\/linitiative.ca\/International\/wp-json\/wp\/v2\/posts\/82410\/revisions"}],"wp:attachment":[{"href":"https:\/\/linitiative.ca\/International\/wp-json\/wp\/v2\/media?parent=82410"}],"wp:term":[{"taxonomy":"category","embeddable":true,"href":"https:\/\/linitiative.ca\/International\/wp-json\/wp\/v2\/categories?post=82410"},{"taxonomy":"post_tag","embeddable":true,"href":"https:\/\/linitiative.ca\/International\/wp-json\/wp\/v2\/tags?post=82410"}],"curies":[{"name":"wp","href":"https:\/\/api.w.org\/{rel}","templated":true}]}}