{"id":82411,"date":"2020-04-14T15:16:39","date_gmt":"2020-04-14T19:16:39","guid":{"rendered":"https:\/\/linitiative.ca\/International\/messaoud-belambri-president-du-snapo-lagence-de-securite-sanitaire-une-necessite\/"},"modified":"2020-04-14T15:16:39","modified_gmt":"2020-04-14T19:16:39","slug":"messaoud-belambri-president-du-snapo-lagence-de-securite-sanitaire-une-necessite","status":"publish","type":"post","link":"https:\/\/linitiative.ca\/International\/messaoud-belambri-president-du-snapo-lagence-de-securite-sanitaire-une-necessite\/","title":{"rendered":"Messaoud Belambri, pr\u00e9sident du Snapo :  L\u2019agence de s\u00e9curit\u00e9 sanitaire, une n\u00e9cessit\u00e9"},"content":{"rendered":"<div class=\"TxArtcile\" readability=\"31\">\n<p>Le pr\u00e9sident du Syndicat national des pharmaciens des officines, Messaoud Belambri, a indiqu\u00e9 que l&rsquo;agence nationale de la s\u00e9curit\u00e9 sanitaire qui sera cr\u00e9\u00e9e prochainement aura pour mission de mettre en place des plans prospectifs d&rsquo;\u00e9pid\u00e9mies soudaines pour permettre \u00e0 l&rsquo;\u00c9tat d\u2019agir rapidement. S\u2019exprimant \u00e0 la Radio nationale, il souligne que cette d\u00e9cision est tr\u00e8s importante.<br \/>Le Pr\u00e9sident de la R\u00e9publique, Abdelmadjid Tebboune, accorde une place importante \u00e0 l&rsquo;agence et ses d\u00e9cisions sont contraignantes. Messaoud Belambri souhaite que la composition de l&rsquo;agence soit au niveau de sa mission, qu\u2019elle \u00e9largisse son cercle de consultation et fasse des recommandations, en particulier pendant les \u00e9pid\u00e9mies, au lieu de cr\u00e9er des commissions ad hoc.\u00a0 Il a soulign\u00e9 que cette agence a \u00e9galement pour r\u00f4le l\u2019\u00e9laboration d&rsquo;une strat\u00e9gie pour l&rsquo;approvisionnement en mati\u00e8res premi\u00e8res de l&rsquo;industrie pharmaceutique et l&rsquo;intervention dans les situations d\u2019urgences afin de limiter la propagation de ces maladies. Selon le pr\u00e9sident du SNAPO, le syst\u00e8me de sant\u00e9 en Alg\u00e9rie a besoin d&rsquo;une r\u00e9forme globale. \u00abDepuis 15 ans nous appelons la tutelle \u00e0 adopter cette d\u00e9marche car nous avons besoin d&rsquo;une refonte totale du syst\u00e8me de sant\u00e9 des secteurs public et priv\u00e9 et des pharmaciens. Nous \u00e9tions pein\u00e9s lorsque nous avons vu que la majorit\u00e9 des membres de l&rsquo;\u00e9quipe qui travaillent avec le professeur Didier Raoult, \u00e0 Marseille, en France, sont Alg\u00e9riens\u00bb, a-t-il d\u00e9clar\u00e9.\u00a0 Et d\u2019encha\u00eener : \u00abIl y a 15 ans, nous avions un tissu industriel qui r\u00e9pondait aux besoins locaux.\u00bb Il appelle le pr\u00e9sident de la R\u00e9publique \u00e0 accorder davantage d\u2019int\u00e9r\u00eat \u00e0 l&rsquo;industrie chimique pour fabriquer des mati\u00e8res premi\u00e8res n\u00e9cessaires pour l\u2019industrie pharmaceutique et la production des m\u00e9dicaments \u00e0 m\u00eame de mettre fin \u00e0 la d\u00e9pendance de l\u2019Alg\u00e9rie.<br \/>Sur un autre registre, le pr\u00e9sident du Syndicat a imput\u00e9 l\u2019augmentation des prix des masques chirurgicaux au fait que les pharmaciens ne connaissaient pas leurs prix puisqu\u2019ils ne les vendaient pas auparavant.<br \/>\u00ab Avec la propagation de l\u2019\u00e9pid\u00e9mie du Covid-19, ils ont commenc\u00e9 \u00e0 les vendre sans savoir leur prix r\u00e9el, avec une marge b\u00e9n\u00e9ficiaire qui ne d\u00e9passait pas 5%\u00bb, a-t-il soutenu, r\u00e9v\u00e9lant que 300.000 bavettes seront commercialis\u00e9es prochainement au niveau des pharmacies \u00e0 travers 15 wilayas.<br \/>Belambri a mis en garde contre le risque de p\u00e9nurie des m\u00e9dicaments en raison du retard enregistr\u00e9 dans la publication des programmes d&rsquo;importation, pr\u00e9venant que certains produits pour le traitement d&rsquo;autres maladies ne seront plus disponibles \u00e0 la fin du mois d\u2019avril.\u00a0 Il a \u00e9galement \u00e9voqu\u00e9 le retrait de la chloroquine des pharmacies qui est utilis\u00e9e pour traiter d&rsquo;autres maladies.<br \/>\u00abNous avons sollicit\u00e9 le Premier ministre au sujet de la distribution de la chloroquine aux pharmaciens. Nous avons demand\u00e9 que la distribution soit simplifi\u00e9e car plusieurs patients l&rsquo;utilisent pour traiter d&rsquo;autres maladies d\u2019autant plus que le m\u00e9dicament et son \u00e9quivalent g\u00e9n\u00e9rique sont introuvables\u00bb, a regrett\u00e9 le pr\u00e9sident du Snapo.<br \/>\u00a0\u00a0\u00a0 Salima Ettouahria<br \/>\u00a0<\/p>\n<\/div>\n<div class=\"ModliArtilUne\">\n<ul>\n<li><strong>Publi\u00e9 dans :<\/strong><\/li>\n<\/ul>\n<\/div>\n<div class=\"MbComIns\" id=\"newcom\" readability=\"5.69402985075\">\n<h6>DONNEZ VOTRE AVIS<\/h6>\n<p>Il n&rsquo;y a actuellement aucune r\u00e9action \u00e0 cette information. Soyez le premier \u00e0 r\u00e9agir !<\/p>\n<p><a href=\"\" rel=\"#popup\" class=\"login resetbutton\">Identifiez-vous<\/a><a class=\"button\" href=\"http:\/\/www.elmoudjahid.com\/fr\/inscription\/\"><span>S&rsquo;inscrire<\/span><\/a><\/p>\n<\/div>\n<p>Auteur: elmoudjahid<br \/>\n<a href=\"http:\/\/www.elmoudjahid.com\/fr\/actualites\/151506\">Cliquez ici pour lire l&rsquo;article depuis sa source.<\/a><\/p>\n","protected":false},"excerpt":{"rendered":"<p>Le pr\u00e9sident du Syndicat national des pharmaciens des officines, Messaoud Belambri, a indiqu\u00e9 que l&rsquo;agence nationale de la s\u00e9curit\u00e9 sanitaire qui sera cr\u00e9\u00e9e prochainement aura pour mission de mettre en place des plans prospectifs d&rsquo;\u00e9pid\u00e9mies soudaines pour permettre \u00e0 l&rsquo;\u00c9tat d\u2019agir rapidement. S\u2019exprimant \u00e0 la Radio nationale, il souligne que cette d\u00e9cision est tr\u00e8s importante.Le [&hellip;]<\/p>\n","protected":false},"author":1744,"featured_media":0,"comment_status":"closed","ping_status":"closed","sticky":false,"template":"","format":"standard","meta":{"fifu_image_url":"","fifu_image_alt":"","footnotes":""},"categories":[73,53],"tags":[],"class_list":["post-82411","post","type-post","status-publish","format-standard","hentry","category-actualite","category-algerie"],"_links":{"self":[{"href":"https:\/\/linitiative.ca\/International\/wp-json\/wp\/v2\/posts\/82411","targetHints":{"allow":["GET"]}}],"collection":[{"href":"https:\/\/linitiative.ca\/International\/wp-json\/wp\/v2\/posts"}],"about":[{"href":"https:\/\/linitiative.ca\/International\/wp-json\/wp\/v2\/types\/post"}],"author":[{"embeddable":true,"href":"https:\/\/linitiative.ca\/International\/wp-json\/wp\/v2\/users\/1744"}],"replies":[{"embeddable":true,"href":"https:\/\/linitiative.ca\/International\/wp-json\/wp\/v2\/comments?post=82411"}],"version-history":[{"count":0,"href":"https:\/\/linitiative.ca\/International\/wp-json\/wp\/v2\/posts\/82411\/revisions"}],"wp:attachment":[{"href":"https:\/\/linitiative.ca\/International\/wp-json\/wp\/v2\/media?parent=82411"}],"wp:term":[{"taxonomy":"category","embeddable":true,"href":"https:\/\/linitiative.ca\/International\/wp-json\/wp\/v2\/categories?post=82411"},{"taxonomy":"post_tag","embeddable":true,"href":"https:\/\/linitiative.ca\/International\/wp-json\/wp\/v2\/tags?post=82411"}],"curies":[{"name":"wp","href":"https:\/\/api.w.org\/{rel}","templated":true}]}}