{"id":82412,"date":"2020-04-14T15:16:41","date_gmt":"2020-04-14T19:16:41","guid":{"rendered":"https:\/\/linitiative.ca\/International\/m-abderrahmane-benbouzid-ministre-de-la-sante-levolution-de-la-pandemie-connait-une-stabilite\/"},"modified":"2020-04-14T15:16:41","modified_gmt":"2020-04-14T19:16:41","slug":"m-abderrahmane-benbouzid-ministre-de-la-sante-levolution-de-la-pandemie-connait-une-stabilite","status":"publish","type":"post","link":"https:\/\/linitiative.ca\/International\/m-abderrahmane-benbouzid-ministre-de-la-sante-levolution-de-la-pandemie-connait-une-stabilite\/","title":{"rendered":"M. Abderrahmane Benbouzid, ministre de la Sant\u00e9  : L\u2019\u00e9volution de la pand\u00e9mie conna\u00eet une stabilit\u00e9"},"content":{"rendered":"<p>\u00a0L\u2019\u00e9volution de la pand\u00e9mie de Coronavirus (Covid-19) en Alg\u00e9rie conna\u00eet une \u00abstabilit\u00e9\u00bb, a affirm\u00e9 hier le ministre de la Sant\u00e9, de la Population et de la R\u00e9forme hospitali\u00e8re, Abderrahmane Benbouzid, assurant l\u2019absence d&rsquo;\u00abalerte\u00bb imposant un confinement total pour la capitale.<br \/>\u00abGr\u00e2ce \u00e0 l&rsquo;utilisation de la chloroquine et \u00e0 la prise de conscience de la population, il y a une stabilit\u00e9 de la pand\u00e9mie. Nous sommes optimistes et actuellement, nous ne sommes plus dans la situation connue au d\u00e9but. Nos h\u00f4pitaux ne sont plus surcharg\u00e9s et nous nous am\u00e9liorons tous les jours\u00bb, a indiqu\u00e9 le ministre sur les ondes de la Cha\u00eene 3 de la Radio nationale. M. Benbouzid a fait savoir que les patients qui ont \u00e9t\u00e9 soumis au protocole th\u00e9rapeutique \u00e0 base de chloroquine, peuvent d\u00e9sormais quitter les structures hospitali\u00e8res \u00abau bout de 5 jours (au lieu de 10) et poursuivre leur traitement chez eux\u00bb, ajoutant que \u00ab2.679 patients sont trait\u00e9s au moyen de ce protocole, alors que sur les 1.983 cas confirm\u00e9s de contamination au virus, 601 en sont gu\u00e9ris\u00bb. Outre ce protocole curatif, le ministre a tenu \u00e0 saluer la population pour sa \u00abprise de conscience\u00bb, tout en la conviant au port du masque qui demeure un \u00abbouclier\u00bb face \u00e0 la propagation du virus, assurant qu\u2019il \u00abn\u2019existe plus de tension sur ce produit fortement sollicit\u00e9, d\u00e8s lors que toutes les demandes ont \u00e9t\u00e9 satisfaites\u00bb. Il a relev\u00e9 qu\u2019outre les 11 millions d\u2019unit\u00e9s existantes, \u00abun lot de 50 millions de masques sera r\u00e9ceptionn\u00e9 prochainement et destin\u00e9 notamment aux h\u00f4pitaux et aux pharmacies d\u2019officine\u00bb, soulignant \u00e9galement que \u00abdes milliers de respirateurs sont disponibles, alors que seulement 100 malades n\u00e9cessitent actuellement le recours \u00e0 ce type d\u2019appareils\u00bb. Interrog\u00e9 sur l\u2019\u00e9ventualit\u00e9 d\u2019un confinement total de la capitale comme c\u2019est le cas pour la wilaya de Blida, M. Benbouzid a estim\u00e9 qu&rsquo;\u00abil n\u2019y pas d\u2019alerte justifiant pour le moment cette mesure, mais tout est envisag\u00e9 si la situation devait flamber\u00bb. En revanche, \u00absi la situation continue d\u2019\u00e9voluer positivement, la probabilit\u00e9 d\u2019un confinement partiel pour Blida, qui n\u2019est pas indiqu\u00e9 pour le moment, n\u2019est pas \u00e0 \u00e9carter\u00bb, a-t-il expliqu\u00e9. M. Benbouzid a, en outre, estim\u00e9 que \u00absi les chiffres sont plus ou moins stabilis\u00e9s, le meilleur indicateur demeure le nombre de d\u00e9c\u00e8s, avec une moyenne de 20 d\u00e9c\u00e8s\/jour\u00bb, assurant qu&rsquo;\u00abaucun scientifique dans le monde ne peut pr\u00e9dire une \u00e9volution ou une baisse de l\u2019\u00e9volution de la pand\u00e9mie du Covid-19 dans les jours \u00e0 venir\u00bb.<br \/>Abordant la question des tests inh\u00e9rents au Coronavirus, le ministre a justifi\u00e9 \u00abla non-dotation du CHU de Blida en PCR par la proximit\u00e9 de celle-ci avec Alger o\u00f9 se situe l\u2019Institut Pasteur, qui concentre ces examens\u00bb, pr\u00e9cisant avoir \u00abprioris\u00e9 des wilayas comme Ouargla, Oran et Constantine car confront\u00e9es aux probl\u00e8mes de kits et de transport\u00bb. Tout en assurant, par ailleurs, que le je\u00fbne \u00abn\u2019a aucun rapport\u00bb avec le Covid-19, le ministre a, toutefois, exprim\u00e9 sa \u00abcrainte\u00bb que \u00abdurant les soir\u00e9es du mois sacr\u00e9 du Ramadhan, les jeunes se rassemblent autour d\u2019un caf\u00e9 dans le cas o\u00f9 le confinement sera encore de vigueur\u00bb. Revenant sur les annonces faites lundi dernier par le Pr\u00e9sident de la R\u00e9publique, Abdelmadjid Tebboune, en faveur du secteur de la sant\u00e9, le ministre s\u2019est f\u00e9licit\u00e9, entre autres, de la prochaine mise en place d\u2019une agence nationale de s\u00e9curit\u00e9 sanitaire, qualifiant celle-ci de \u00abhaute autorit\u00e9 aux pr\u00e9rogatives de veille, d\u2019orientation et de structuration de ce d\u00e9partement sensible\u00bb.<br \/>\u00abCette agence vient \u00e0 point nomm\u00e9 et nous serons \u00e0 l\u2019\u00e9coute de cet organe qui sera comme un guide et un observatoire pour le minist\u00e8re. Elle sera dot\u00e9e d\u2019une autonomie totale et plac\u00e9e sous l\u2019autorit\u00e9 du chef de l\u2019Etat qui en d\u00e9signera les personnalit\u00e9s scientifiques consensuelles qui la composeront\u00bb, a-t-il d\u00e9taill\u00e9.<br \/>Le ministre s&rsquo;est f\u00e9licit\u00e9, \u00e0 ce propos, de la reconnaissance exprim\u00e9e par le pr\u00e9sident Tebboune au corps m\u00e9dical \u00e0 travers des mesures incitatives, \u00e0 l\u2019instar de la suppression du service civil. Il a, en outre, salu\u00e9 la d\u00e9cision de revoir de \u00abfond en comble\u00bb tout le fonctionnement du syst\u00e8me de sant\u00e9 actuel, soulignant que les priorit\u00e9s identifi\u00e9es sont \u00abla maternit\u00e9, la lutte contre le cancer, ainsi que les urgences m\u00e9dicales\u00bb.\u00a0\u00a0 \u00a0<\/p>\n<p>Auteur: elmoudjahid<br \/>\n<a href=\"http:\/\/www.elmoudjahid.com\/fr\/actualites\/151507\">Cliquez ici pour lire l&rsquo;article depuis sa source.<\/a><\/p>\n","protected":false},"excerpt":{"rendered":"<p>\u00a0L\u2019\u00e9volution de la pand\u00e9mie de Coronavirus (Covid-19) en Alg\u00e9rie conna\u00eet une \u00abstabilit\u00e9\u00bb, a affirm\u00e9 hier le ministre de la Sant\u00e9, de la Population et de la R\u00e9forme hospitali\u00e8re, Abderrahmane Benbouzid, assurant l\u2019absence d&rsquo;\u00abalerte\u00bb imposant un confinement total pour la capitale.\u00abGr\u00e2ce \u00e0 l&rsquo;utilisation de la chloroquine et \u00e0 la prise de conscience de la population, il [&hellip;]<\/p>\n","protected":false},"author":1744,"featured_media":0,"comment_status":"closed","ping_status":"closed","sticky":false,"template":"","format":"standard","meta":{"fifu_image_url":"","fifu_image_alt":"","footnotes":""},"categories":[73,53],"tags":[],"class_list":["post-82412","post","type-post","status-publish","format-standard","hentry","category-actualite","category-algerie"],"_links":{"self":[{"href":"https:\/\/linitiative.ca\/International\/wp-json\/wp\/v2\/posts\/82412","targetHints":{"allow":["GET"]}}],"collection":[{"href":"https:\/\/linitiative.ca\/International\/wp-json\/wp\/v2\/posts"}],"about":[{"href":"https:\/\/linitiative.ca\/International\/wp-json\/wp\/v2\/types\/post"}],"author":[{"embeddable":true,"href":"https:\/\/linitiative.ca\/International\/wp-json\/wp\/v2\/users\/1744"}],"replies":[{"embeddable":true,"href":"https:\/\/linitiative.ca\/International\/wp-json\/wp\/v2\/comments?post=82412"}],"version-history":[{"count":0,"href":"https:\/\/linitiative.ca\/International\/wp-json\/wp\/v2\/posts\/82412\/revisions"}],"wp:attachment":[{"href":"https:\/\/linitiative.ca\/International\/wp-json\/wp\/v2\/media?parent=82412"}],"wp:term":[{"taxonomy":"category","embeddable":true,"href":"https:\/\/linitiative.ca\/International\/wp-json\/wp\/v2\/categories?post=82412"},{"taxonomy":"post_tag","embeddable":true,"href":"https:\/\/linitiative.ca\/International\/wp-json\/wp\/v2\/tags?post=82412"}],"curies":[{"name":"wp","href":"https:\/\/api.w.org\/{rel}","templated":true}]}}