{"id":82413,"date":"2020-04-14T15:16:44","date_gmt":"2020-04-14T19:16:44","guid":{"rendered":"https:\/\/linitiative.ca\/International\/abrogation-du-service-civil-le-snpssp-accueille-favorablement-la-decision\/"},"modified":"2020-04-14T15:16:44","modified_gmt":"2020-04-14T19:16:44","slug":"abrogation-du-service-civil-le-snpssp-accueille-favorablement-la-decision","status":"publish","type":"post","link":"https:\/\/linitiative.ca\/International\/abrogation-du-service-civil-le-snpssp-accueille-favorablement-la-decision\/","title":{"rendered":"Abrogation du service civil : le SNPSSP accueille favorablement la d\u00e9cision"},"content":{"rendered":"<div class=\"TxArtcile\" readability=\"20\">\n<p>Le Syndicat national des praticiens sp\u00e9cialistes de la sant\u00e9 publique (SNPSSP) a accueilli favorablement, hier, la d\u00e9cision du Pr\u00e9sident de la R\u00e9publique, Abdelmadjid Tebboune, portant abrogation du service civil, soulignant que \u00ab\u00a0cette mesure servira la sant\u00e9 publique\u00a0\u00bb. Le pr\u00e9sident du SNPSSP, Dr Mohamed Yousfi s\u2019est f\u00e9licit\u00e9 de la d\u00e9cision prise par le Pr\u00e9sident de la R\u00e9publique qu\u2019il a qualifi\u00e9e d'\u00a0\u00bb\u00e9quitable\u00a0\u00bb, soulignant avoir d\u00e9fendu, depuis 2002, l\u2019abrogation du service civil pour les m\u00e9decins sp\u00e9cialistes. Pour ce qui est des mesures incitatives concernant la perception d\u2019un double salaire pour les m\u00e9decins d\u00e9sirant travailler dans les r\u00e9gions d\u00e9munies, le syndicaliste a mis l\u2019accent sur la n\u00e9cessit\u00e9 d\u2019accompagner ces mesures par d\u2019autres sur le plan social pour \u00ab\u00a0maintenir ce corps dans le secteur public\u00a0\u00bb.<br \/>\u00a0<\/p>\n<\/div>\n<div class=\"ModliArtilUne\">\n<ul>\n<li><strong>Publi\u00e9 dans :<\/strong><\/li>\n<\/ul>\n<\/div>\n<div class=\"MbComIns\" id=\"newcom\" readability=\"5.69402985075\">\n<h6>DONNEZ VOTRE AVIS<\/h6>\n<p>Il n&rsquo;y a actuellement aucune r\u00e9action \u00e0 cette information. Soyez le premier \u00e0 r\u00e9agir !<\/p>\n<p><a href=\"\" rel=\"#popup\" class=\"login resetbutton\">Identifiez-vous<\/a><a class=\"button\" href=\"http:\/\/www.elmoudjahid.com\/fr\/inscription\/\"><span>S&rsquo;inscrire<\/span><\/a><\/p>\n<\/div>\n<p>Auteur: elmoudjahid<br \/>\n<a href=\"http:\/\/www.elmoudjahid.com\/fr\/actualites\/151508\">Cliquez ici pour lire l&rsquo;article depuis sa source.<\/a><\/p>\n","protected":false},"excerpt":{"rendered":"<p>Le Syndicat national des praticiens sp\u00e9cialistes de la sant\u00e9 publique (SNPSSP) a accueilli favorablement, hier, la d\u00e9cision du Pr\u00e9sident de la R\u00e9publique, Abdelmadjid Tebboune, portant abrogation du service civil, soulignant que \u00ab\u00a0cette mesure servira la sant\u00e9 publique\u00a0\u00bb. Le pr\u00e9sident du SNPSSP, Dr Mohamed Yousfi s\u2019est f\u00e9licit\u00e9 de la d\u00e9cision prise par le Pr\u00e9sident de la [&hellip;]<\/p>\n","protected":false},"author":1744,"featured_media":0,"comment_status":"closed","ping_status":"closed","sticky":false,"template":"","format":"standard","meta":{"fifu_image_url":"","fifu_image_alt":"","footnotes":""},"categories":[73,53],"tags":[],"class_list":["post-82413","post","type-post","status-publish","format-standard","hentry","category-actualite","category-algerie"],"_links":{"self":[{"href":"https:\/\/linitiative.ca\/International\/wp-json\/wp\/v2\/posts\/82413","targetHints":{"allow":["GET"]}}],"collection":[{"href":"https:\/\/linitiative.ca\/International\/wp-json\/wp\/v2\/posts"}],"about":[{"href":"https:\/\/linitiative.ca\/International\/wp-json\/wp\/v2\/types\/post"}],"author":[{"embeddable":true,"href":"https:\/\/linitiative.ca\/International\/wp-json\/wp\/v2\/users\/1744"}],"replies":[{"embeddable":true,"href":"https:\/\/linitiative.ca\/International\/wp-json\/wp\/v2\/comments?post=82413"}],"version-history":[{"count":0,"href":"https:\/\/linitiative.ca\/International\/wp-json\/wp\/v2\/posts\/82413\/revisions"}],"wp:attachment":[{"href":"https:\/\/linitiative.ca\/International\/wp-json\/wp\/v2\/media?parent=82413"}],"wp:term":[{"taxonomy":"category","embeddable":true,"href":"https:\/\/linitiative.ca\/International\/wp-json\/wp\/v2\/categories?post=82413"},{"taxonomy":"post_tag","embeddable":true,"href":"https:\/\/linitiative.ca\/International\/wp-json\/wp\/v2\/tags?post=82413"}],"curies":[{"name":"wp","href":"https:\/\/api.w.org\/{rel}","templated":true}]}}