{"id":82419,"date":"2020-04-14T12:54:00","date_gmt":"2020-04-14T16:54:00","guid":{"rendered":"https:\/\/linitiative.ca\/International\/plan-durgence-pour-pallier-la-suspension-des-cours-ouadjaout-appelle-a-elargir-les-operations-aux-radios-locales\/"},"modified":"2020-04-14T12:54:00","modified_gmt":"2020-04-14T16:54:00","slug":"plan-durgence-pour-pallier-la-suspension-des-cours-ouadjaout-appelle-a-elargir-les-operations-aux-radios-locales","status":"publish","type":"post","link":"https:\/\/linitiative.ca\/International\/plan-durgence-pour-pallier-la-suspension-des-cours-ouadjaout-appelle-a-elargir-les-operations-aux-radios-locales\/","title":{"rendered":"PLAN D&rsquo;URGENCE POUR PALLIER LA SUSPENSION DES COURS : Ouadjaout appelle \u00e0 \u00e9largir  les op\u00e9rations aux radios locales"},"content":{"rendered":"<p><br id=\"sep_para_1\" class=\"sep_para access\"\/><\/p>\n<div id=\"para_1\" class=\"para_36472921 resize\">\n<div class=\"texte access firstletter\">Le ministre de l&rsquo;Education nationale, Mohamed Ouadjaout a appel\u00e9 les Directeurs de l&rsquo;Education \u00e0 poursuivre leurs efforts pour pallier la suspension des cours \u00e0 travers l&rsquo;activation des op\u00e9rations pr\u00e9vues par le plan d&rsquo;urgence trac\u00e9 par le minist\u00e8re de l&rsquo;Education nationale ainsi que son extension aux radions locales, notamment au profit des \u00e9l\u00e8ves d\u00e9pourvus de moyens technologiques et de communication, a indiqu\u00e9 lundi un communiqu\u00e9 du minist\u00e8re. \u00ab\u00a0Le ministre de l&rsquo;Education a pr\u00e9sid\u00e9, lundi 13 avril 2020 au si\u00e8ge de son d\u00e9partement \u00e0 Alger, une visioconf\u00e9rence avec les directeurs de l&rsquo;Education pour faire le point sur le bilan hebdomadaire de la diffusion des \u00e9missions d&rsquo;enseignement \u00e0 distance au profit des \u00e9l\u00e8ves\u00a0\u00bb, a pr\u00e9cis\u00e9 la m\u00eame source. Apr\u00e8s avoir salu\u00e9 \u00ab\u00a0la diffusion de ces \u00e9missions, dont le nombre de vues a d\u00e9pass\u00e9 les 10 millions sur Youtube, M. Ouadjaout a appel\u00e9 les directeurs de l&rsquo;Education \u00e0 poursuivre leurs efforts afin de pallier la suspension des cours \u00e0 travers l&rsquo;activation des op\u00e9rations contenues dans le plan d&rsquo;urgence trac\u00e9 par le minist\u00e8re ainsi que son extension aux radios locales, notamment au profit des \u00e9l\u00e8ves d\u00e9pourvus de moyens technologiques et de communication\u00a0\u00bb, a ajout\u00e9 la m\u00eame source. Il a \u00e9galement appel\u00e9 \u00ab\u00a0les directeurs de l&rsquo;Education \u00e0 encourager et encadrer les initiatives individuelles des enseignants visant \u00e0 prendre contact avec les \u00e9l\u00e8ves \u00e0 travers la cr\u00e9ation d&rsquo;espaces virtuels permettant une interactivit\u00e9 entre eux sur internet\u00a0\u00bb.<\/div>\n<\/div>\n<p>Auteur: Nadine<br \/>\n<a href=\"https:\/\/www.reflexiondz.net\/PLAN-D-URGENCE-POUR-PALLIER-LA-SUSPENSION-DES-COURS-Ouadjaout-appelle-a-elargir-les-operations-aux-radios-locales_a61995.html\">Cliquez ici pour lire l&rsquo;article depuis sa source.<\/a><\/p>\n","protected":false},"excerpt":{"rendered":"<p>Le ministre de l&rsquo;Education nationale, Mohamed Ouadjaout a appel\u00e9 les Directeurs de l&rsquo;Education \u00e0 poursuivre leurs efforts pour pallier la suspension des cours \u00e0 travers l&rsquo;activation des op\u00e9rations pr\u00e9vues par le plan d&rsquo;urgence trac\u00e9 par le minist\u00e8re de l&rsquo;Education nationale ainsi que son extension aux radions locales, notamment au profit des \u00e9l\u00e8ves d\u00e9pourvus de moyens [&hellip;]<\/p>\n","protected":false},"author":1740,"featured_media":0,"comment_status":"closed","ping_status":"closed","sticky":false,"template":"","format":"standard","meta":{"fifu_image_url":"","fifu_image_alt":"","footnotes":""},"categories":[53,76],"tags":[],"class_list":["post-82419","post","type-post","status-publish","format-standard","hentry","category-algerie","category-regions"],"_links":{"self":[{"href":"https:\/\/linitiative.ca\/International\/wp-json\/wp\/v2\/posts\/82419","targetHints":{"allow":["GET"]}}],"collection":[{"href":"https:\/\/linitiative.ca\/International\/wp-json\/wp\/v2\/posts"}],"about":[{"href":"https:\/\/linitiative.ca\/International\/wp-json\/wp\/v2\/types\/post"}],"author":[{"embeddable":true,"href":"https:\/\/linitiative.ca\/International\/wp-json\/wp\/v2\/users\/1740"}],"replies":[{"embeddable":true,"href":"https:\/\/linitiative.ca\/International\/wp-json\/wp\/v2\/comments?post=82419"}],"version-history":[{"count":0,"href":"https:\/\/linitiative.ca\/International\/wp-json\/wp\/v2\/posts\/82419\/revisions"}],"wp:attachment":[{"href":"https:\/\/linitiative.ca\/International\/wp-json\/wp\/v2\/media?parent=82419"}],"wp:term":[{"taxonomy":"category","embeddable":true,"href":"https:\/\/linitiative.ca\/International\/wp-json\/wp\/v2\/categories?post=82419"},{"taxonomy":"post_tag","embeddable":true,"href":"https:\/\/linitiative.ca\/International\/wp-json\/wp\/v2\/tags?post=82419"}],"curies":[{"name":"wp","href":"https:\/\/api.w.org\/{rel}","templated":true}]}}