{"id":82427,"date":"2020-04-14T13:02:13","date_gmt":"2020-04-14T17:02:13","guid":{"rendered":"https:\/\/linitiative.ca\/International\/coronavirus-mesures-additionnelles-en-faveur-des-entreprises\/"},"modified":"2020-04-14T13:02:13","modified_gmt":"2020-04-14T17:02:13","slug":"coronavirus-mesures-additionnelles-en-faveur-des-entreprises","status":"publish","type":"post","link":"https:\/\/linitiative.ca\/International\/coronavirus-mesures-additionnelles-en-faveur-des-entreprises\/","title":{"rendered":"Coronavirus : mesures additionnelles en faveur des entreprises"},"content":{"rendered":"<p><strong>Le Comit\u00e9 de Veille Economique (CVE) a tenu sa quatri\u00e8me r\u00e9union de travail, le mardi 14 avril 2020.<\/strong><\/p>\n<div class=\"c10\"\/>\n<p>Cette r\u00e9union a \u00e9t\u00e9 consacr\u00e9e d\u2019une part, \u00e0 la pr\u00e9sentation de l\u2019\u00e9volution de la situation \u00e9conomique et financi\u00e8re du pays et, d\u2019autre part, au premier bilan de la mise en \u0153uvre des mesures jusque-l\u00e0 d\u00e9ploy\u00e9es. L\u2019accent a \u00e9t\u00e9 mis \u00e9galement sur la n\u00e9cessit\u00e9 d\u2019\u00e9tudier le lancement d\u2019une nouvelle s\u00e9rie de mesures \u00e0 la lumi\u00e8re des \u00e9volutions constat\u00e9es.<\/p>\n<p>Ainsi, l\u2019analyse des derniers indicateurs conjoncturels disponibles a permis de r\u00e9v\u00e9ler que le comportement des diff\u00e9rents secteurs de l\u2019\u00e9conomie nationale face \u00e0 la crise du Covid-19 n\u2019a pas \u00e9t\u00e9 homog\u00e8ne. En effet, certaines branches d\u2019activit\u00e9s, particuli\u00e8rement celles qui d\u00e9pendent de la demande \u00e9trang\u00e8re, ainsi que celles \u00e0 l\u2019arr\u00eat par d\u00e9cision des pouvoirs publics, ont \u00e9t\u00e9 lourdement impact\u00e9es, alors que d\u2019autres ont maintenu leur dynamisme, b\u00e9n\u00e9ficiant des mesures entreprises pour la pr\u00e9servation des emplois et le soutien du pouvoir d\u2019achat ou de continuit\u00e9 de la demande a l\u2019international.<\/p>\n<p>Lire aussi : <a href=\"https:\/\/www.challenge.ma\/coronavirus-de-nouvelles-mesures-pour-les-entreprises-137011\/\" target=\"_blank\" rel=\"noreferrer noopener\" aria-label=\" (s&#x2019;ouvre dans un nouvel onglet)\">Coronavirus : De nouvelles mesures pour les entreprises<\/a><\/p>\n<p>Par la suite, le CVE a examin\u00e9 le premier bilan des mesures de soutien en faveur des entreprises en difficult\u00e9, des salari\u00e9s affili\u00e9s \u00e0 la CNSS et des chefs de m\u00e9nages op\u00e9rants dans le secteur informel, soutenues par le Fonds Sp\u00e9cial de gestion du coronavirus. A cet \u00e9gard, tous les membres ont\u00a0 pris acte de l\u2019op\u00e9rationnalisation r\u00e9ussie de ces mesures, gr\u00e2ce \u00e0 la forte mobilisation et aux efforts consentis par toutes les parties prenantes, sous l\u2019impulsion de SM le Roi.<\/p>\n<p>Suite au d\u00e9bat engag\u00e9 au sujet de la consolidation des premiers r\u00e9sultats probants, le CVE a d\u00e9cid\u00e9 d\u2019une s\u00e9rie de mesures additionnelles. Sur le plan fiscal, il s\u2019agit de reporter les d\u00e9lais des d\u00e9clarations de revenus pour les personnes physiques qui le souhaitent, de fin avril au 30 juin 2020. Il a \u00e9t\u00e9, \u00e9galement, d\u00e9cid\u00e9 d\u2019exon\u00e9rer de l\u2019imp\u00f4t sur le revenu, tout compl\u00e9ment d\u2019indemnit\u00e9 vers\u00e9 au profit des salari\u00e9s (affili\u00e9s \u00e0 la CNSS) par leurs employeurs, dans la limite de 50% du salaire mensuel net moyen.<\/p>\n<p>Sur le plan administratif, le CVE a pris note des mesures d\u2019assouplissement qui visent \u00e0 \u00e9viter aux entreprises titulaires de march\u00e9s publics de supporter des p\u00e9nalit\u00e9s pour des retards d\u2019ex\u00e9cution qui ne leur sont pas imputables.<\/p>\n<p>Lire aussi : <a href=\"https:\/\/www.challenge.ma\/marches-publics-5-mesures-pour-eviter-les-penalites-aux-entreprises-137315\/\" target=\"_blank\" rel=\"noreferrer noopener\" aria-label=\" (s&#x2019;ouvre dans un nouvel onglet)\">March\u00e9s publics : 5 mesures pour \u00e9viter les p\u00e9nalit\u00e9s aux entreprises<\/a><\/p>\n<p>Sur le plan de la gouvernance des soci\u00e9t\u00e9s anonymes, un projet de loi est en cours de mise au point pour introduire les souplesses n\u00e9cessaires permettant notamment la tenue a distance, en cette p\u00e9riode d\u2019\u00e9tat d\u2019urgence sanitaire, des r\u00e9unions des organes d\u00e9lib\u00e9rants, particuli\u00e8rement en ce qui concerne les arr\u00eat\u00e9s des comptes.<\/p>\n<p>Par ailleurs, le CVE a signal\u00e9 que la capacit\u00e9 de l\u2019\u00e9conomie marocaine \u00e0 surmonter cette crise passera in\u00e9luctablement par une collaboration \u00e9troite entre l\u2019Etat et les entreprises. Cette collaboration n\u00e9cessitera, de la part des entreprises, de faire preuve d\u2019un v\u00e9ritable sens de responsabilit\u00e9. C\u2019est dans ce sens que le comit\u00e9 veillera au respect des r\u00e8gles d\u2019octroi des aides aux entreprises qui sont en difficult\u00e9. Un d\u00e9cret, explicitant les nouvelles conditions d\u2019octroi des dites aides, est en cours de finalisation.<\/p>\n<p>Lire aussi : <a href=\"https:\/\/www.challenge.ma\/ce-que-vous-devez-savoir-sur-le-coronavirus-134568\/\" target=\"_blank\" rel=\"noreferrer noopener\" aria-label=\" (s&#x2019;ouvre dans un nouvel onglet)\">Ce que vous devez savoir sur le coronavirus<\/a><\/p>\n<p>Parall\u00e8lement aux actions et mesures \u00e0 court terme pour r\u00e9pondre aux urgences de la crise sanitaire, le Comit\u00e9 de Veille Economique s\u2019est accord\u00e9 sur une m\u00e9thodologie de conduite de la r\u00e9flexion prospective visant \u00e0 \u00e9laborer des scenarii soutenables pour les deux phases \u00e0 venir : le red\u00e9marrage progressif des diff\u00e9rents secteurs d\u2019activit\u00e9 et\u00a0 la relance vigoureuse de l\u2019\u00e9conomie nationale. Les moyens \u00e0 mobiliser pour chaque sc\u00e9nario seront ainsi d\u00e9gag\u00e9s.<\/p>\n<p>La prochaine r\u00e9union du CVE se tiendra le lundi 20 avril.<\/p>\n<div class=\"c17\">\n<fieldset class=\"c16\">\n<legend><strong><span class=\"c11\">Challenge<\/span><span class=\"c12\">news<\/span><\/strong><\/legend>\n<div class=\"c15\">Le meilleur de Challenge s\u00e9lectionn\u00e9 par la r\u00e9daction :<\/p>\n<\/div>\n<\/fieldset>\n<\/div>\n<p>Auteur: Karim Handaoui<br \/>\n<a href=\"https:\/\/www.challenge.ma\/coronavirus-mesures-additionnelles-en-faveur-des-entreprises-137319\/\">Cliquez ici pour lire l&rsquo;article depuis sa source.<\/a><\/p>\n","protected":false},"excerpt":{"rendered":"<p>Le Comit\u00e9 de Veille Economique (CVE) a tenu sa quatri\u00e8me r\u00e9union de travail, le mardi 14 avril 2020. Cette r\u00e9union a \u00e9t\u00e9 consacr\u00e9e d\u2019une part, \u00e0 la pr\u00e9sentation de l\u2019\u00e9volution de la situation \u00e9conomique et financi\u00e8re du pays et, d\u2019autre part, au premier bilan de la mise en \u0153uvre des mesures jusque-l\u00e0 d\u00e9ploy\u00e9es. L\u2019accent a [&hellip;]<\/p>\n","protected":false},"author":1787,"featured_media":0,"comment_status":"closed","ping_status":"closed","sticky":false,"template":"","format":"standard","meta":{"fifu_image_url":"","fifu_image_alt":"","footnotes":""},"categories":[78,54],"tags":[],"class_list":["post-82427","post","type-post","status-publish","format-standard","hentry","category-economie","category-maroc"],"_links":{"self":[{"href":"https:\/\/linitiative.ca\/International\/wp-json\/wp\/v2\/posts\/82427","targetHints":{"allow":["GET"]}}],"collection":[{"href":"https:\/\/linitiative.ca\/International\/wp-json\/wp\/v2\/posts"}],"about":[{"href":"https:\/\/linitiative.ca\/International\/wp-json\/wp\/v2\/types\/post"}],"author":[{"embeddable":true,"href":"https:\/\/linitiative.ca\/International\/wp-json\/wp\/v2\/users\/1787"}],"replies":[{"embeddable":true,"href":"https:\/\/linitiative.ca\/International\/wp-json\/wp\/v2\/comments?post=82427"}],"version-history":[{"count":0,"href":"https:\/\/linitiative.ca\/International\/wp-json\/wp\/v2\/posts\/82427\/revisions"}],"wp:attachment":[{"href":"https:\/\/linitiative.ca\/International\/wp-json\/wp\/v2\/media?parent=82427"}],"wp:term":[{"taxonomy":"category","embeddable":true,"href":"https:\/\/linitiative.ca\/International\/wp-json\/wp\/v2\/categories?post=82427"},{"taxonomy":"post_tag","embeddable":true,"href":"https:\/\/linitiative.ca\/International\/wp-json\/wp\/v2\/tags?post=82427"}],"curies":[{"name":"wp","href":"https:\/\/api.w.org\/{rel}","templated":true}]}}