{"id":82428,"date":"2020-04-14T15:00:36","date_gmt":"2020-04-14T19:00:36","guid":{"rendered":"https:\/\/linitiative.ca\/International\/garder-la-confiance\/"},"modified":"2020-04-14T15:00:36","modified_gmt":"2020-04-14T19:00:36","slug":"garder-la-confiance","status":"publish","type":"post","link":"https:\/\/linitiative.ca\/International\/garder-la-confiance\/","title":{"rendered":"Garder la confiance"},"content":{"rendered":"<p><strong>Le Maroc a enregistr\u00e9 un formidable gain lors de cette crise, en majorit\u00e9 les marocains pl\u00e9biscitent l\u2019action pr\u00e9ventive des autorit\u00e9s. Cette confiance est la meilleure arme pour accepter le confinement qui est tr\u00e8s dur psychologiquement et cr\u00e9er un rebond le jour o\u00f9 il faudra en sortir, probablement progressivement.<\/strong><\/p>\n<div class=\"c10\"\/>\n<p>Mais les erreurs de communication se multiplient. La plus grave concerne les masques. Le Chef du gouvernement, pourtant m\u00e9decin, avait relay\u00e9 une Fake News fran\u00e7aise en niant leur utilit\u00e9. Aujourd\u2019hui, on les d\u00e9clare obligatoires. Moulay Hafid El Alamy a promis qu\u2019on en exportera et que l\u2019autosuffisance sera atteinte d\u00e8s ce mardi. Sur le terrain il n\u2019y en a pas. Le ministre le sait entre le producteur et le consommateur il y a la distribution. L\u2019auteur de ces lignes en cherche depuis 10 jours et n\u2019arrive pas \u00e0 en avoir. Les auditeurs de MFM sont des centaines \u00e0 raconter la m\u00eame m\u00e9saventure. Ils en arrivent \u00e0 une conclusion, s\u00fbrement fausse mais dangereuse qu\u2019on nous vend du vent.<\/p>\n<p>Sur le soutien aux familles il y a ici et l\u00e0 des dysfonctionnements qui cr\u00e9ent la zizanie. Il faut vite r\u00e9agir l\u00e0 aussi pour r\u00e9tablir la confiance dans une mesure historique qui ressoude la nation autour de la valeur solidarit\u00e9.<\/p>\n<p>Lire aussi : <a href=\"https:\/\/www.challenge.ma\/ce-que-vous-devez-savoir-sur-le-coronavirus-134568\/\" target=\"_blank\" rel=\"noreferrer noopener\" aria-label=\" (s&#x2019;ouvre dans un nouvel onglet)\">Ce que vous devez savoir sur le coronavirus<\/a><\/p>\n<p>En politique, le ressenti est toujours plus important que la r\u00e9alit\u00e9. Les technocrates qui nous gouvernent risquent de l\u2019apprendre \u00e0 leurs d\u00e9pens, s\u2019ils continuent \u00e0 afficher l\u2019autosatisfaction au lieu de r\u00e9gler les probl\u00e8mes qui surgissent ici et l\u00e0 et qui sont de toutes les fa\u00e7ons impond\u00e9rables puisque cette crise est sans pr\u00e9c\u00e9dent et qu\u2019il n\u2019y a pas de recette pr\u00e9\u00e9tablie.<\/p>\n<p>Il nous faut r\u00e9tablir la confiance au plus vite, pour sauvegarder le m\u00eame \u00e9tat d\u2019esprit quand il nous faudra reb\u00e2tir sur un champ de ruines, une nouvelle \u00e9conomie.<\/p>\n<p>Les marocains ont applaudi les autorit\u00e9s mais cela doit \u00eatre entretenu par beaucoup plus de s\u00e9rieux.<\/p>\n<div class=\"c17\">\n<fieldset class=\"c16\">\n<legend><strong><span class=\"c11\">Challenge<\/span><span class=\"c12\">news<\/span><\/strong><\/legend>\n<div class=\"c15\">Le meilleur de Challenge s\u00e9lectionn\u00e9 par la r\u00e9daction :<\/p>\n<\/div>\n<\/fieldset>\n<\/div>\n<p>Auteur: Jamal Berraoui<br \/>\n<a href=\"https:\/\/www.challenge.ma\/garder-la-confiance-137313\/\">Cliquez ici pour lire l&rsquo;article depuis sa source.<\/a><\/p>\n","protected":false},"excerpt":{"rendered":"<p>Le Maroc a enregistr\u00e9 un formidable gain lors de cette crise, en majorit\u00e9 les marocains pl\u00e9biscitent l\u2019action pr\u00e9ventive des autorit\u00e9s. Cette confiance est la meilleure arme pour accepter le confinement qui est tr\u00e8s dur psychologiquement et cr\u00e9er un rebond le jour o\u00f9 il faudra en sortir, probablement progressivement. Mais les erreurs de communication se multiplient. [&hellip;]<\/p>\n","protected":false},"author":1787,"featured_media":0,"comment_status":"closed","ping_status":"closed","sticky":false,"template":"","format":"standard","meta":{"fifu_image_url":"","fifu_image_alt":"","footnotes":""},"categories":[78,54],"tags":[],"class_list":["post-82428","post","type-post","status-publish","format-standard","hentry","category-economie","category-maroc"],"_links":{"self":[{"href":"https:\/\/linitiative.ca\/International\/wp-json\/wp\/v2\/posts\/82428","targetHints":{"allow":["GET"]}}],"collection":[{"href":"https:\/\/linitiative.ca\/International\/wp-json\/wp\/v2\/posts"}],"about":[{"href":"https:\/\/linitiative.ca\/International\/wp-json\/wp\/v2\/types\/post"}],"author":[{"embeddable":true,"href":"https:\/\/linitiative.ca\/International\/wp-json\/wp\/v2\/users\/1787"}],"replies":[{"embeddable":true,"href":"https:\/\/linitiative.ca\/International\/wp-json\/wp\/v2\/comments?post=82428"}],"version-history":[{"count":0,"href":"https:\/\/linitiative.ca\/International\/wp-json\/wp\/v2\/posts\/82428\/revisions"}],"wp:attachment":[{"href":"https:\/\/linitiative.ca\/International\/wp-json\/wp\/v2\/media?parent=82428"}],"wp:term":[{"taxonomy":"category","embeddable":true,"href":"https:\/\/linitiative.ca\/International\/wp-json\/wp\/v2\/categories?post=82428"},{"taxonomy":"post_tag","embeddable":true,"href":"https:\/\/linitiative.ca\/International\/wp-json\/wp\/v2\/tags?post=82428"}],"curies":[{"name":"wp","href":"https:\/\/api.w.org\/{rel}","templated":true}]}}