{"id":82429,"date":"2020-04-14T15:30:17","date_gmt":"2020-04-14T19:30:17","guid":{"rendered":"https:\/\/linitiative.ca\/International\/marches-publics-5-mesures-pour-eviter-les-penalites-aux-entreprises\/"},"modified":"2020-04-14T15:30:17","modified_gmt":"2020-04-14T19:30:17","slug":"marches-publics-5-mesures-pour-eviter-les-penalites-aux-entreprises","status":"publish","type":"post","link":"https:\/\/linitiative.ca\/International\/marches-publics-5-mesures-pour-eviter-les-penalites-aux-entreprises\/","title":{"rendered":"March\u00e9s publics : 5 mesures pour \u00e9viter les p\u00e9nalit\u00e9s aux entreprises"},"content":{"rendered":"<p><strong>Le minist\u00e8re de l\u2019Economie, des Finances et de la R\u00e9forme de l\u2019Administration a pris des mesures en vue d\u2019\u00e9viter aux entreprises titulaires de march\u00e9s publics de supporter des p\u00e9nalit\u00e9s pour des retards d\u2019ex\u00e9cution qui ne leur sont pas imputables. Les voici.<\/strong><\/p>\n<div class=\"c10\"\/>\n<p>La premi\u00e8re mesure consiste \u00e0 consid\u00e9rer l\u2019impact de l\u2019\u00e9tat d\u2019urgence sanitaire et des mesures de confinement des personnes sur les d\u00e9lais d\u2019ex\u00e9cution des march\u00e9s comme \u00e9tant ind\u00e9pendant de la volont\u00e9 des entreprises titulaires de march\u00e9s publics, relevant de ce fait, des cas de force majeur.<\/p>\n<p>Il s\u2019agit \u00e9galement d\u2019inviter les ma\u00eetres d\u2019ouvrages relevant des administrations de l\u2019Etat, des collectivit\u00e9s territoriales et des \u00e9tablissements publics et autres organismes soumis au contr\u00f4le financier de l\u2019Etat, \u00e0 r\u00e9server une suite favorable aux demandes des entreprises invoquant la force majeur \u00e0 raison des mesures d\u2019\u00e9tat d\u2019urgence sanitaire et de confinement prises par les pouvoirs publics, sans tenir compte du d\u00e9lai de 7 jours pour l\u2019introduction des demandes de l\u2019esp\u00e8ce.<\/p>\n<p>Lire aussi : <a href=\"https:\/\/www.challenge.ma\/ce-que-vous-devez-savoir-sur-le-coronavirus-134568\/\" target=\"_blank\" rel=\"noreferrer noopener\" aria-label=\" (s&#x2019;ouvre dans un nouvel onglet)\">Ce que vous devez savoir sur le coronavirus<\/a><\/p>\n<p>Quant \u00e0 la troisi\u00e8me mesure, elle pr\u00e9voit de proc\u00e9der, par voie d\u2019avenant, \u00e0 la prorogation des d\u00e9lais contractuels aussi bien pour les march\u00e9s de travaux que pour les march\u00e9s de fournitures et de services, dans la limite de la dur\u00e9e de l\u2019\u00e9tat d\u2019urgence sanitaire.<\/p>\n<p>Parmi les mesures prises par le minist\u00e8re, inviter les ma\u00eetres d\u2019ouvrages \u00e0 recourir \u00e9galement, en cas de besoin, aux m\u00e9canismes d\u2019ajournement de l\u2019ex\u00e9cution des travaux, fournitures ou services ou aux ordres de services d\u2019arr\u00eat et de reprise, dans la limite de la dur\u00e9e de l\u2019\u00e9tat d\u2019urgence sanitaire.<\/p>\n<p>La cinqui\u00e8me mesure consiste \u00e0 rappeler aux diff\u00e9rents intervenants en mati\u00e8re de commande publique, la n\u00e9cessit\u00e9 de privil\u00e9gier, durant la p\u00e9riode d\u2019\u00e9tat d\u2019urgence sanitaire, le recours \u00e0 l\u2019\u00e9change \u00e9lectronique sous ses diff\u00e9rentes formes, des pi\u00e8ces justificatives et des documents par rapport au support papier.<\/p>\n<p>Avec MAP<\/p>\n<div class=\"c17\">\n<fieldset class=\"c16\">\n<legend><strong><span class=\"c11\">Challenge<\/span><span class=\"c12\">news<\/span><\/strong><\/legend>\n<div class=\"c15\">Le meilleur de Challenge s\u00e9lectionn\u00e9 par la r\u00e9daction :<\/p>\n<\/div>\n<\/fieldset>\n<\/div>\n<p>Auteur: Karim Handaoui<br \/>\n<a href=\"https:\/\/www.challenge.ma\/marches-publics-5-mesures-pour-eviter-les-penalites-aux-entreprises-137315\/\">Cliquez ici pour lire l&rsquo;article depuis sa source.<\/a><\/p>\n","protected":false},"excerpt":{"rendered":"<p>Le minist\u00e8re de l\u2019Economie, des Finances et de la R\u00e9forme de l\u2019Administration a pris des mesures en vue d\u2019\u00e9viter aux entreprises titulaires de march\u00e9s publics de supporter des p\u00e9nalit\u00e9s pour des retards d\u2019ex\u00e9cution qui ne leur sont pas imputables. Les voici. La premi\u00e8re mesure consiste \u00e0 consid\u00e9rer l\u2019impact de l\u2019\u00e9tat d\u2019urgence sanitaire et des mesures [&hellip;]<\/p>\n","protected":false},"author":1787,"featured_media":0,"comment_status":"closed","ping_status":"closed","sticky":false,"template":"","format":"standard","meta":{"fifu_image_url":"","fifu_image_alt":"","footnotes":""},"categories":[78,54],"tags":[],"class_list":["post-82429","post","type-post","status-publish","format-standard","hentry","category-economie","category-maroc"],"_links":{"self":[{"href":"https:\/\/linitiative.ca\/International\/wp-json\/wp\/v2\/posts\/82429","targetHints":{"allow":["GET"]}}],"collection":[{"href":"https:\/\/linitiative.ca\/International\/wp-json\/wp\/v2\/posts"}],"about":[{"href":"https:\/\/linitiative.ca\/International\/wp-json\/wp\/v2\/types\/post"}],"author":[{"embeddable":true,"href":"https:\/\/linitiative.ca\/International\/wp-json\/wp\/v2\/users\/1787"}],"replies":[{"embeddable":true,"href":"https:\/\/linitiative.ca\/International\/wp-json\/wp\/v2\/comments?post=82429"}],"version-history":[{"count":0,"href":"https:\/\/linitiative.ca\/International\/wp-json\/wp\/v2\/posts\/82429\/revisions"}],"wp:attachment":[{"href":"https:\/\/linitiative.ca\/International\/wp-json\/wp\/v2\/media?parent=82429"}],"wp:term":[{"taxonomy":"category","embeddable":true,"href":"https:\/\/linitiative.ca\/International\/wp-json\/wp\/v2\/categories?post=82429"},{"taxonomy":"post_tag","embeddable":true,"href":"https:\/\/linitiative.ca\/International\/wp-json\/wp\/v2\/tags?post=82429"}],"curies":[{"name":"wp","href":"https:\/\/api.w.org\/{rel}","templated":true}]}}