{"id":82431,"date":"2020-04-14T15:58:35","date_gmt":"2020-04-14T19:58:35","guid":{"rendered":"https:\/\/linitiative.ca\/International\/tunisie-video-de-cette-facon-on-ny-arrivera-pas\/"},"modified":"2020-04-14T15:58:35","modified_gmt":"2020-04-14T19:58:35","slug":"tunisie-video-de-cette-facon-on-ny-arrivera-pas","status":"publish","type":"post","link":"https:\/\/linitiative.ca\/International\/tunisie-video-de-cette-facon-on-ny-arrivera-pas\/","title":{"rendered":"Tunisie \u2013 VIDEO : De cette fa\u00e7on, on n\u2019y arrivera pas !"},"content":{"rendered":"<div class=\"post-cont-in left relative\">\n<p>Des personnels param\u00e9dicaux se sont regroup\u00e9s, ce mardi matin, devant le service d\u00e9di\u00e9 aux covid+, \u00e0 l\u2019h\u00f4pital Charles Nicolle, avec leurs bagages \u00e0 leurs c\u00f4t\u00e9s et ils protestaient \u00e0 cause du comportement de l\u2019administration \u00e0 leur \u00e9gard.<\/p>\n<div class=\"code-block code-block-1 c3\"><ins class=\"adsbygoogle c2\" data-ad-layout=\"in-article\" data-ad-format=\"fluid\" data-ad-client=\"ca-pub-2102118777505746\" data-ad-slot=\"7301775417\"\/> <\/div>\n<p>Ces personnels ont travaill\u00e9 pendant quatre jours. En contact direct avec des malades covid+. Ils \u00e9taient sens\u00e9s partir, par bus, en confinement dans un h\u00f4tel, ce matin. Mais au dernier moment, on les a inform\u00e9s qu\u2019il n\u2019y avait pas de place dans l\u2019h\u00f4tel.<\/p>\n<p>Ils ont \u00e9t\u00e9 invit\u00e9s, tout simplement, \u00e0 rentrer chez eux, avec le risque de contaminer leurs parents.<\/p>\n<p>Un comportement et une n\u00e9gligence indignes \u00e0 l\u2019\u00e9gard de ceux qu\u2019ils appellent les soldats en blanc. Des femmes et des hommes qui ont tout laiss\u00e9 tomber, pour s\u2019acquitter de leur devoir, pour \u00eatre, \u00e0 la fin, trait\u00e9s de cette sorte.<\/p>\n<p>Une anecdote qui montre \u00e0 quel point l\u2019administration ankylos\u00e9e n\u2019arrive pas \u00e0 suivre, et \u00e0 mettre en application les d\u00e9cisions prises en haut lieu. Une insuffisance qui montre \u00e0 quel point, nous sommes dans une position critique, et qui peut basculer dans le d\u00e9sastre, \u00e0 tout moment, par la faute de fonctionnaires qui se comportent de la sorte.<\/p>\n<p>Si on continue \u00e0 compter sur des fonctionnaires aussi n\u00e9gligents, il devient \u00e9vident que nous n\u2019y arriverons pas, et tous les efforts consentis par tout le monde vont tomber \u00e0 l\u2019eau, par la faute d\u2019une poign\u00e9e d\u2019incomp\u00e9tents.<\/p>\n<div class=\"swp_social_panel swp_horizontal_panel swp_flat_fresh swp_default_full_color swp_individual_full_color swp_other_full_color scale-100 scale-\" data-min-width=\"1100\" data-float-color=\"#ffffff\" data-float=\"bottom\" data-float-mobile=\"bottom\" data-transition=\"slide\">\n<div class=\"nc_tweetContainer swp_share_button total_shares total_sharesalt\"><span class=\"swp_count\">38 <span class=\"swp_label\">Partages<\/span><\/span><\/div>\n<\/div>\n<p><strong>Que se passe-t-il en Tunisie?<\/strong><br \/>Nous expliquons sur notre <a href=\"https:\/\/www.youtube.com\/channel\/UCRzypVq0B_yBad5eGrwBx0Q?sub_confirmation=1\" target=\"_blank\" rel=\"noopener noreferrer\">cha\u00eene YouTube<\/a> . <a href=\"https:\/\/www.youtube.com\/channel\/UCRzypVq0B_yBad5eGrwBx0Q?sub_confirmation=1\" target=\"_blank\" rel=\"noopener noreferrer\">Abonnez-vous!<\/a><\/p>\n<div class=\"mvp-org-wrap mvp-org-logo\" itemprop=\"publisher\" itemscope=\"\" itemtype=\"https:\/\/schema.org\/Organization\"><img decoding=\"async\" src=\"https:\/\/www.tunisienumerique.com\/wp-content\/uploads\/2017\/02\/logo_tunisie_numerique.png\"\/><\/div>\n<div class=\"mvp-related-posts left relative\">\n<h4 class=\"post-header\"><span class=\"post-header\">Lire aussi<\/span><\/h4>\n<\/div>\n<div id=\"article-ad\"><ins class=\"adsbygoogle c4\" data-ad-client=\"ca-pub-2102118777505746\" data-ad-slot=\"6513972734\" data-ad-format=\"auto\" data-full-width-responsive=\"true\"\/> <\/div>\n<\/div>\n<div id=\"post-sidebar-wrap\"><ins class=\"adsbygoogle c4\" data-ad-client=\"ca-pub-2102118777505746\" data-ad-slot=\"6168283410\" data-ad-format=\"auto\" data-full-width-responsive=\"true\"\/> <\/div>\n<p>Auteur: LM<br \/>\n<a href=\"https:\/\/www.tunisienumerique.com\/tunisie-video-de-cette-facon-on-ny-arrivera-pas\/\">Cliquez ici pour lire l&rsquo;article depuis sa source.<\/a><\/p>\n","protected":false},"excerpt":{"rendered":"<p>Des personnels param\u00e9dicaux se sont regroup\u00e9s, ce mardi matin, devant le service d\u00e9di\u00e9 aux covid+, \u00e0 l\u2019h\u00f4pital Charles Nicolle, avec leurs bagages \u00e0 leurs c\u00f4t\u00e9s et ils protestaient \u00e0 cause du comportement de l\u2019administration \u00e0 leur \u00e9gard. Ces personnels ont travaill\u00e9 pendant quatre jours. En contact direct avec des malades covid+. Ils \u00e9taient sens\u00e9s partir, [&hellip;]<\/p>\n","protected":false},"author":1789,"featured_media":0,"comment_status":"closed","ping_status":"closed","sticky":false,"template":"","format":"standard","meta":{"fifu_image_url":"","fifu_image_alt":"","footnotes":""},"categories":[73,55],"tags":[],"class_list":["post-82431","post","type-post","status-publish","format-standard","hentry","category-actualite","category-tunisie"],"_links":{"self":[{"href":"https:\/\/linitiative.ca\/International\/wp-json\/wp\/v2\/posts\/82431","targetHints":{"allow":["GET"]}}],"collection":[{"href":"https:\/\/linitiative.ca\/International\/wp-json\/wp\/v2\/posts"}],"about":[{"href":"https:\/\/linitiative.ca\/International\/wp-json\/wp\/v2\/types\/post"}],"author":[{"embeddable":true,"href":"https:\/\/linitiative.ca\/International\/wp-json\/wp\/v2\/users\/1789"}],"replies":[{"embeddable":true,"href":"https:\/\/linitiative.ca\/International\/wp-json\/wp\/v2\/comments?post=82431"}],"version-history":[{"count":0,"href":"https:\/\/linitiative.ca\/International\/wp-json\/wp\/v2\/posts\/82431\/revisions"}],"wp:attachment":[{"href":"https:\/\/linitiative.ca\/International\/wp-json\/wp\/v2\/media?parent=82431"}],"wp:term":[{"taxonomy":"category","embeddable":true,"href":"https:\/\/linitiative.ca\/International\/wp-json\/wp\/v2\/categories?post=82431"},{"taxonomy":"post_tag","embeddable":true,"href":"https:\/\/linitiative.ca\/International\/wp-json\/wp\/v2\/tags?post=82431"}],"curies":[{"name":"wp","href":"https:\/\/api.w.org\/{rel}","templated":true}]}}