{"id":82435,"date":"2020-04-14T15:02:43","date_gmt":"2020-04-14T19:02:43","guid":{"rendered":"https:\/\/linitiative.ca\/International\/secteurs-dactivites-impactes-par-le-covid-19-au-burkina-faso\/"},"modified":"2020-04-14T15:02:43","modified_gmt":"2020-04-14T19:02:43","slug":"secteurs-dactivites-impactes-par-le-covid-19-au-burkina-faso","status":"publish","type":"post","link":"https:\/\/linitiative.ca\/International\/secteurs-dactivites-impactes-par-le-covid-19-au-burkina-faso\/","title":{"rendered":"SECTEURS D\u2019ACTIVITES IMPACTES PAR LE COVID-19 AU BURKINA FASO"},"content":{"rendered":"<div class=\"stream-item stream-item-above-post-content\">\n<p><noscript><\/p>\n<p><a href=\"\/\/www3.smartadserver.com\/ac?jump=1&amp;nwid=2136&amp;siteid=240610&amp;pgname=rg&amp;fmtid=49046&amp;visit=m&amp;tmstp=[timestamp]&amp;out=nonrich\" target=\"_blank\" rel=\"noopener noreferrer\"><img decoding=\"async\" src=\"\/\/www3.smartadserver.com\/ac?out=nonrich&amp;nwid=2136&amp;siteid=240610&amp;pgname=rg&amp;fmtid=49046&amp;visit=m&amp;tmstp=[timestamp]\" border=\"0\" alt=\"\"\/><\/a><\/p>\n<p><\/noscript><\/div>\n<p class=\"c3\"><em>Vingt jours apr\u00e8s l\u2019entr\u00e9e en vigueur de la fermeture des maquis et bars, la mesure commence \u00e0 peser lourdement sur certains tenanciers de d\u00e9bits de boisson. Cela est d\u2019autant plus vrai que ces derniers ont donn\u00e9 de la voix, la semaine derni\u00e8re. Une r\u00e9action peu surprenante puisqu\u2019ils estiment avoir \u00e9t\u00e9 oubli\u00e9s dans la prise des mesures d\u2019accompagnement annonc\u00e9es le 2 avril dernier par le chef de l\u2019Etat.\u00a0 Et sans jeter l\u2019anath\u00e8me sur qui que ce soit, on pourrait dire qu\u2019ils n\u2019ont pas totalement tort. En effet, les bars et maquis font vivre des milliers de Burkinab\u00e8. C\u2019est dire si leur fermeture constitue un coup dur non seulement pour eux, mais aussi pour l\u2019Etat. Pour preuve, ce dernier s\u2019est vu contraint de diff\u00e9rer le paiement des obligations fiscales. C\u2019est, du reste, \u00a0la seule mesure, \u00e0 notre connaissance, prise en faveur de ce secteur qui l\u2019a d\u2019ailleurs jug\u00e9e insuffisante. Si le secteur des march\u00e9s et yaars b\u00e9n\u00e9ficie plus de mesures d\u2019accompagnement, pourquoi celui des bars et maquis ferait-il exception? S\u2019interrogent ces m\u00e9contents. Certes, l\u2019Etat ne peut pas tout faire mais la justice sociale voudrait qu\u2019il tienne compte des secteurs les plus impact\u00e9s par la mesure de fermeture des lieux publics pour cause de Covid-19. En tout cas, tout laisse croire que le gouvernement a manqu\u00e9 de m\u00e9thode. Certaines mesures telles que la gratuit\u00e9 de l\u2019eau et de l\u2019\u00e9lectricit\u00e9 au b\u00e9n\u00e9fice de certains salari\u00e9s, ce n\u2019est pas mauvais en soi. Mais la priorit\u00e9 devait aller plut\u00f4t aux couches vuln\u00e9rables et les plus d\u00e9favoris\u00e9es. Si le fonctionnaire a un salaire r\u00e9gulier, il en va autrement pour un g\u00e9rant de maquis ou une serveuse\u00a0qui se voit du jour au lendemain d\u00e9pourvu de son gagne-pain sans savoir de quoi demain sera fait. \u00a0Comment feront ceux qui travaillaient dans les maquis et bars pour faire face aux charges locatives par exemple\u00a0?<\/em><\/p>\n<p class=\"c3\"><em>\u00a0<\/em><\/p>\n<p class=\"c3\"><strong><em>Il s\u2019agit de voir comment rectifier le tir pour tendre vers plus d\u2019\u00e9quit\u00e9 sociale<\/em><\/strong><\/p>\n<p class=\"c3\"><em>\u00a0<\/em><\/p>\n<p class=\"c3\"><em>Cela dit, en plus des tenanciers de maquis et bars, il y a d\u2019autres secteurs qui sont \u00e9galement frapp\u00e9s de plein fouet par les mesures prises dans le cadre de la lutte contre la pand\u00e9mie \u00e0 coronavirus. Parmi eux, figure celui de l\u2019enseignement. Combien d\u2019\u00e9tudiants et d\u2019enseignants vacataires, en effet, sont d\u00e9sormais condamn\u00e9s \u00e0 tirer le diable par la queue\u00a0? Certes, la r\u00e9ouverture annonc\u00e9e des restaurants universitaires, pourrait soulager un tant soit peu certains \u00e9tudiants. Mais la vie d\u2019un \u00e9tudiant se r\u00e9sume-t-elle au seul repas\u00a0? Assur\u00e9ment, non. Pour ce qui concerne les vacataires, certes, un fonds sera aliment\u00e9 pour soulager les professeurs vacataires. Mais, quid du succ\u00e8s de l\u2019initiative\u00a0? En tout cas, les sentiments de m\u00e9contentements et de col\u00e8re sont de plus en plus audibles. Il urge donc pour le gouvernement de se pencher s\u00e9rieusement sur la situation. \u00a0\u00a0Un r\u00e9ajustement des mesures s\u2019impose afin de mieux cibler les secteurs les plus impact\u00e9s. Et plus t\u00f4t le gouvernement le fera, mieux cela vaudra. Ce d\u2019autant qu\u2019il ne s\u2019agit pas de distribuer des esp\u00e8ces sonnantes et tr\u00e9buchantes \u00e0 tous ceux dont les activit\u00e9s ont \u00e9t\u00e9 impact\u00e9es par les mesures de lutte contre le Covid-19. Il s\u2019agit \u00a0plut\u00f4t de voir comment rectifier le tir pour tendre vers plus d\u2019\u00e9quit\u00e9 sociale.<\/em><\/p>\n<p class=\"c3\"><em>\u00a0<\/em><strong>Dabadi ZOUMBARA<\/strong><\/p>\n<p>Auteur: Le Pays<br \/>\n<a href=\"http:\/\/lepays.bf\/secteurs-dactivites-impactes-par-le-covid-19-au-burkina-faso\/\">Cliquez ici pour lire l&rsquo;article depuis sa source.<\/a><\/p>\n","protected":false},"excerpt":{"rendered":"<p>Vingt jours apr\u00e8s l\u2019entr\u00e9e en vigueur de la fermeture des maquis et bars, la mesure commence \u00e0 peser lourdement sur certains tenanciers de d\u00e9bits de boisson. Cela est d\u2019autant plus vrai que ces derniers ont donn\u00e9 de la voix, la semaine derni\u00e8re. Une r\u00e9action peu surprenante puisqu\u2019ils estiment avoir \u00e9t\u00e9 oubli\u00e9s dans la prise des [&hellip;]<\/p>\n","protected":false},"author":1813,"featured_media":0,"comment_status":"closed","ping_status":"closed","sticky":false,"template":"","format":"standard","meta":{"fifu_image_url":"","fifu_image_alt":"","footnotes":""},"categories":[73,81],"tags":[],"class_list":["post-82435","post","type-post","status-publish","format-standard","hentry","category-actualite","category-burkina-faso"],"_links":{"self":[{"href":"https:\/\/linitiative.ca\/International\/wp-json\/wp\/v2\/posts\/82435","targetHints":{"allow":["GET"]}}],"collection":[{"href":"https:\/\/linitiative.ca\/International\/wp-json\/wp\/v2\/posts"}],"about":[{"href":"https:\/\/linitiative.ca\/International\/wp-json\/wp\/v2\/types\/post"}],"author":[{"embeddable":true,"href":"https:\/\/linitiative.ca\/International\/wp-json\/wp\/v2\/users\/1813"}],"replies":[{"embeddable":true,"href":"https:\/\/linitiative.ca\/International\/wp-json\/wp\/v2\/comments?post=82435"}],"version-history":[{"count":0,"href":"https:\/\/linitiative.ca\/International\/wp-json\/wp\/v2\/posts\/82435\/revisions"}],"wp:attachment":[{"href":"https:\/\/linitiative.ca\/International\/wp-json\/wp\/v2\/media?parent=82435"}],"wp:term":[{"taxonomy":"category","embeddable":true,"href":"https:\/\/linitiative.ca\/International\/wp-json\/wp\/v2\/categories?post=82435"},{"taxonomy":"post_tag","embeddable":true,"href":"https:\/\/linitiative.ca\/International\/wp-json\/wp\/v2\/tags?post=82435"}],"curies":[{"name":"wp","href":"https:\/\/api.w.org\/{rel}","templated":true}]}}