{"id":82436,"date":"2020-04-14T03:48:00","date_gmt":"2020-04-14T07:48:00","guid":{"rendered":"https:\/\/linitiative.ca\/International\/lutte-contre-le-covid-19-loit-conseille-le-dialogue-social-et-la-protection-des-employes\/"},"modified":"2020-04-14T03:48:00","modified_gmt":"2020-04-14T07:48:00","slug":"lutte-contre-le-covid-19-loit-conseille-le-dialogue-social-et-la-protection-des-employes","status":"publish","type":"post","link":"https:\/\/linitiative.ca\/International\/lutte-contre-le-covid-19-loit-conseille-le-dialogue-social-et-la-protection-des-employes\/","title":{"rendered":"Lutte contre le COVID-19 L\u2019OIT: conseille le dialogue social  et la protection des employ\u00e9s"},"content":{"rendered":"<div class=\"td-post-featured-image\"><a href=\"https:\/\/i1.wp.com\/www.sidwaya.info\/wp-content\/uploads\/2020\/04\/sidwayaoit14.jpg?fit=787%2C525&amp;ssl=1\" data-caption=\"\"><img loading=\"lazy\" decoding=\"async\" width=\"696\" height=\"464\" class=\"entry-thumb td-modal-image\" src=\"https:\/\/i1.wp.com\/www.sidwaya.info\/wp-content\/uploads\/2020\/04\/sidwayaoit14.jpg?resize=696%2C464&amp;ssl=1\" srcset=\"https:\/\/i1.wp.com\/www.sidwaya.info\/wp-content\/uploads\/2020\/04\/sidwayaoit14.jpg?w=787&amp;ssl=1 787w, https:\/\/i1.wp.com\/www.sidwaya.info\/wp-content\/uploads\/2020\/04\/sidwayaoit14.jpg?resize=300%2C200&amp;ssl=1 300w, https:\/\/i1.wp.com\/www.sidwaya.info\/wp-content\/uploads\/2020\/04\/sidwayaoit14.jpg?resize=768%2C512&amp;ssl=1 768w, https:\/\/i1.wp.com\/www.sidwaya.info\/wp-content\/uploads\/2020\/04\/sidwayaoit14.jpg?resize=696%2C464&amp;ssl=1 696w, https:\/\/i1.wp.com\/www.sidwaya.info\/wp-content\/uploads\/2020\/04\/sidwayaoit14.jpg?resize=630%2C420&amp;ssl=1 630w, https:\/\/i1.wp.com\/www.sidwaya.info\/wp-content\/uploads\/2020\/04\/sidwayaoit14.jpg?resize=600%2C400&amp;ssl=1 600w\" sizes=\"auto, (max-width: 696px) 100vw, 696px\" alt=\"\" title=\"sidwayaoit14\"\/><\/a><\/div>\n<p><strong>L\u2019Organisation internationale du travail (OIT) a appel\u00e9 ses pays membres \u00e0 mettre l\u2019accent sur la protection des travailleurs dans leurs services et sur le dialogue entre gouvernants et syndicats afin d\u2019att\u00e9nuer l\u2019impact de la crise n\u00e9e de la pand\u00e9mie \u00e0 coronavirus<\/strong><\/p>\n<p>Dans un communiqu\u00e9 rendu public le 9 avril 2020, l\u2019OIT a soulign\u00e9 la n\u00e9cessit\u00e9 d\u2019adopter des mesures politiques int\u00e9gr\u00e9es \u00e0 grande \u00e9chelle pour att\u00e9nuer l\u2019impact de la crise du COVID-19, en mettant l\u2019accent sur quatre piliers dont la protection des travailleurs sur le lieu de travail et le recours au dialogue social entre gouvernements, employeurs et travailleurs pour trouver des solutions. Les deux autres piliers concernent le soutien aux entreprises, aux emplois et aux revenus et enfin la prise de mesures pour stimuler l\u2019\u00e9conomie et l\u2019emploi.<br \/>\u00abIl ne s\u2019agit pas seulement d\u2019une crise sanitaire, c\u2019est aussi une urgence \u00e9conomique et une crise du march\u00e9 du travail dont les effets d\u00e9passent de loin ceux de la crise financi\u00e8re de 2008-2009\u00bb, a expliqu\u00e9 Greg Vines, directeur g\u00e9n\u00e9ral adjoint pour la gestion et la r\u00e9forme, cit\u00e9 dans le communiqu\u00e9.<br \/>\u00abNos Etats membres apportent des r\u00e9ponses politiques importantes et sans pr\u00e9c\u00e9dent en reconnaissant la n\u00e9cessit\u00e9 de prendre des mesures d\u2019urgence pour faire en sorte que cette pand\u00e9mie ne laisse pas de cicatrices durables sur les \u00e9conomies, les populations et les emplois\u00bb,<br \/>a-t-il dit.<\/p>\n<p>Des mesures d\u2019un co\u00fbt de 394 milliards FCFA prises par le Burkina Faso<\/p>\n<p>A la date du 9 avril 2020, le Burkina Faso comptabilise un total de 448 cas confirm\u00e9s, dont 149 gu\u00e9risons et 26 d\u00e9c\u00e8s. Et selon les estimations du gouvernement de Christophe Dabir\u00e9, la pand\u00e9mie entra\u00eenera une r\u00e9duction du taux de croissance de 6,3% \u00e0 2% en 2020. La baisse des recettes publiques est estim\u00e9e \u00e0 306 milliards FCFA, soit un d\u00e9ficit budg\u00e9taire de 5%. Globalement, le ralentissement g\u00e9n\u00e9ral des activit\u00e9s \u00e9conomiques, tous secteurs confondus, aura pour cons\u00e9quence des tensions de tr\u00e9sorerie de l\u2019Etat.<br \/>Face \u00e0 la situation, le gouvernement a annonc\u00e9 le 2 avril dernier, plusieurs mesures d\u2019un co\u00fbt global d\u2019environ 394 milliards FCFA, soit 4,45% du PIB. Ce montant int\u00e8gre le plan global de riposte sanitaire \u00e9valu\u00e9 \u00e0 quelque 178 milliards FCFA.<br \/>Parmi les mesures prises par le Burkina pour faire face \u00e0 la pand\u00e9mie, il y a notamment des am\u00e9nagements fiscaux en faveur des microentreprises du secteur informel et des entreprises du transport des personnes, de l\u2019h\u00f4tellerie, du tourisme ainsi que des activit\u00e9s culturelles.<br \/>Il y a \u00e9galement un soutien du financement de l\u2019\u00e9conomie nationale \u00e0 travers des r\u00e9am\u00e9nagements de cr\u00e9dits aux entreprises et une baisse des taux d\u2019int\u00e9r\u00eat. Les institutions de microfinances sont par ailleurs appel\u00e9es \u00e0 examiner avec attention les dossiers de leurs clients en difficult\u00e9s.<br \/>On note enfin un soutien \u00e0 la relance de l\u2019\u00e9conomie \u00e0 travers un fonds de relance \u00e9conomique mis en place pour les entreprises en difficult\u00e9s (100 milliards FCFA). Dans le domaine agropastoral, l\u2019Etat burkinab\u00e8 a promis l\u2019acquisition d\u2019intrants agricoles et d\u2019aliments pour b\u00e9tail pour le soutien \u00e0 la production vivri\u00e8re et pastorale (30 milliards FCFA). Un fonds de solidarit\u00e9 est mis en place au profit des acteurs du secteur informel, en particulier pour les femmes, pour la relance des activit\u00e9s de commerce des l\u00e9gumes et fruits (5 milliards FCFA).<br \/>Depuis son si\u00e8ge de G\u00e9n\u00e8ve, l\u2019OIT se montre pr\u00e9occup\u00e9e par la qui porte atteinte aux march\u00e9s du travail dans presque tous les pays du monde, provoquant des pertes sans pr\u00e9c\u00e9dent en termes d\u2019heures de travail et d\u2019emploi. Pour l\u2019organisation onusienne, \u00abil est n\u00e9cessaire d\u2019adopter des mesures politiques int\u00e9gr\u00e9es \u00e0 grande \u00e9chelle pour att\u00e9nuer l\u2019impact de la crise du COVID-19 \u00bb. Elle salue \u00ables mesures sans pr\u00e9c\u00e9dent\u00bb de chacun de ses 187 membres visant \u00e0 r\u00e9duire l\u2019impact de la crise sur les entreprises, les emplois et les membres les plus vuln\u00e9rables de la soci\u00e9t\u00e9.<\/p>\n<p>Aim\u00e9 Mouor KAMBIRE<\/p>\n<div class=\"td-a-rec td-a-rec-id-content_bottom tdi_30_6cc td_block_template_1\"><img loading=\"lazy\" decoding=\"async\" class=\"aligncenter size-full wp-image-9623\" src=\"https:\/\/www.sidwaya.info\/wp-content\/uploads\/2019\/06\/Projet-bannie%CC%80re-Orange-mobile.jpg\" alt=\"\" width=\"728\" height=\"81\"\/><\/div>\n<p>Auteur: BM. Sidwaya<br \/>\n<a href=\"https:\/\/www.sidwaya.info\/blog\/2020\/04\/14\/lutte-contre-le-covid-19-loit-conseille-le-dialogue-social-et-la-protection-des-employes\/\">Cliquez ici pour lire l&rsquo;article depuis sa source.<\/a><\/p>\n","protected":false},"excerpt":{"rendered":"<p>L\u2019Organisation internationale du travail (OIT) a appel\u00e9 ses pays membres \u00e0 mettre l\u2019accent sur la protection des travailleurs dans leurs services et sur le dialogue entre gouvernants et syndicats afin d\u2019att\u00e9nuer l\u2019impact de la crise n\u00e9e de la pand\u00e9mie \u00e0 coronavirus Dans un communiqu\u00e9 rendu public le 9 avril 2020, l\u2019OIT a soulign\u00e9 la n\u00e9cessit\u00e9 [&hellip;]<\/p>\n","protected":false},"author":1816,"featured_media":0,"comment_status":"closed","ping_status":"closed","sticky":false,"template":"","format":"standard","meta":{"fifu_image_url":"","fifu_image_alt":"","footnotes":""},"categories":[73,81],"tags":[],"class_list":["post-82436","post","type-post","status-publish","format-standard","hentry","category-actualite","category-burkina-faso"],"_links":{"self":[{"href":"https:\/\/linitiative.ca\/International\/wp-json\/wp\/v2\/posts\/82436","targetHints":{"allow":["GET"]}}],"collection":[{"href":"https:\/\/linitiative.ca\/International\/wp-json\/wp\/v2\/posts"}],"about":[{"href":"https:\/\/linitiative.ca\/International\/wp-json\/wp\/v2\/types\/post"}],"author":[{"embeddable":true,"href":"https:\/\/linitiative.ca\/International\/wp-json\/wp\/v2\/users\/1816"}],"replies":[{"embeddable":true,"href":"https:\/\/linitiative.ca\/International\/wp-json\/wp\/v2\/comments?post=82436"}],"version-history":[{"count":0,"href":"https:\/\/linitiative.ca\/International\/wp-json\/wp\/v2\/posts\/82436\/revisions"}],"wp:attachment":[{"href":"https:\/\/linitiative.ca\/International\/wp-json\/wp\/v2\/media?parent=82436"}],"wp:term":[{"taxonomy":"category","embeddable":true,"href":"https:\/\/linitiative.ca\/International\/wp-json\/wp\/v2\/categories?post=82436"},{"taxonomy":"post_tag","embeddable":true,"href":"https:\/\/linitiative.ca\/International\/wp-json\/wp\/v2\/tags?post=82436"}],"curies":[{"name":"wp","href":"https:\/\/api.w.org\/{rel}","templated":true}]}}