{"id":82440,"date":"2020-04-14T14:35:58","date_gmt":"2020-04-14T18:35:58","guid":{"rendered":"https:\/\/linitiative.ca\/International\/covid-19-au-burkina-faso-13-nouveaux-cas-confirmes-7-guerisons-2-deces-a-la-date-du-13-avril-2020\/"},"modified":"2020-04-14T14:35:58","modified_gmt":"2020-04-14T18:35:58","slug":"covid-19-au-burkina-faso-13-nouveaux-cas-confirmes-7-guerisons-2-deces-a-la-date-du-13-avril-2020","status":"publish","type":"post","link":"https:\/\/linitiative.ca\/International\/covid-19-au-burkina-faso-13-nouveaux-cas-confirmes-7-guerisons-2-deces-a-la-date-du-13-avril-2020\/","title":{"rendered":"Covid-19 au Burkina Faso: 13 nouveaux cas confirm\u00e9s, 7 gu\u00e9risons, 2 d\u00e9c\u00e8s \u00e0 la date du 13 avril 2020"},"content":{"rendered":"<div class=\"td-post-featured-image\"><a href=\"https:\/\/i0.wp.com\/www.sidwaya.info\/wp-content\/uploads\/2020\/04\/cm.jpg?fit=700%2C467&amp;ssl=1\" data-caption=\"\"><img loading=\"lazy\" decoding=\"async\" width=\"696\" height=\"464\" class=\"entry-thumb td-modal-image\" src=\"https:\/\/i0.wp.com\/www.sidwaya.info\/wp-content\/uploads\/2020\/04\/cm.jpg?resize=696%2C464&amp;ssl=1\" srcset=\"https:\/\/i0.wp.com\/www.sidwaya.info\/wp-content\/uploads\/2020\/04\/cm.jpg?w=700&amp;ssl=1 700w, https:\/\/i0.wp.com\/www.sidwaya.info\/wp-content\/uploads\/2020\/04\/cm.jpg?resize=300%2C200&amp;ssl=1 300w, https:\/\/i0.wp.com\/www.sidwaya.info\/wp-content\/uploads\/2020\/04\/cm.jpg?resize=696%2C464&amp;ssl=1 696w, https:\/\/i0.wp.com\/www.sidwaya.info\/wp-content\/uploads\/2020\/04\/cm.jpg?resize=630%2C420&amp;ssl=1 630w, https:\/\/i0.wp.com\/www.sidwaya.info\/wp-content\/uploads\/2020\/04\/cm.jpg?resize=600%2C400&amp;ssl=1 600w\" sizes=\"auto, (max-width: 696px) 100vw, 696px\" alt=\"\" title=\"cm\"\/><\/a><\/div>\n<p>A la date du 13 avril 2020, la situation de la maladie \u00e0 Coronavirus au Burkina Faso se pr\u00e9sente comme suit :<\/p>\n<p>\u2b9a 62 \u00e9chantillons analys\u00e9s dont 51 cas suspects et 11 contr\u00f4les ;<\/p>\n<p>\u2b9a 13 nouveaux cas confirm\u00e9s dont 11 \u00e0 Ouagadougou et 02 \u00e0 Bobo-Dioulasso ;<\/p>\n<p>\u2b9a 07 gu\u00e9risons, portant \u00e0 177, le total des gu\u00e9risons ;<\/p>\n<p>\u2b9a 02 d\u00e9c\u00e8s, portant \u00e0 30, le total des d\u00e9c\u00e8s ;<\/p>\n<p>\u2b9a 321 cas sous traitement. Au total, 528 cas ont \u00e9t\u00e9 confirm\u00e9s dont 204 femmes et 324 hommes, depuis le 09 mars 2020.<\/p>\n<p>Lire le communiqu\u00e9 du SIG<\/p>\n<p><img loading=\"lazy\" decoding=\"async\" class=\"alignleft size-full wp-image-20824\" src=\"https:\/\/i2.wp.com\/www.sidwaya.info\/wp-content\/uploads\/2020\/04\/covid13.jpg?resize=696%2C923&amp;ssl=1\" alt=\"\" width=\"696\" height=\"923\" srcset=\"https:\/\/i2.wp.com\/www.sidwaya.info\/wp-content\/uploads\/2020\/04\/covid13.jpg?w=720&amp;ssl=1 720w, https:\/\/i2.wp.com\/www.sidwaya.info\/wp-content\/uploads\/2020\/04\/covid13.jpg?resize=226%2C300&amp;ssl=1 226w, https:\/\/i2.wp.com\/www.sidwaya.info\/wp-content\/uploads\/2020\/04\/covid13.jpg?resize=696%2C923&amp;ssl=1 696w, https:\/\/i2.wp.com\/www.sidwaya.info\/wp-content\/uploads\/2020\/04\/covid13.jpg?resize=317%2C420&amp;ssl=1 317w, https:\/\/i2.wp.com\/www.sidwaya.info\/wp-content\/uploads\/2020\/04\/covid13.jpg?resize=600%2C796&amp;ssl=1 600w\" sizes=\"auto, (max-width: 696px) 100vw, 696px\" data-recalc-dims=\"1\"\/><\/p>\n<div class=\"td-a-rec td-a-rec-id-content_bottom tdi_30_282 td_block_template_1\"><img loading=\"lazy\" decoding=\"async\" class=\"aligncenter size-full wp-image-9623\" src=\"https:\/\/www.sidwaya.info\/wp-content\/uploads\/2019\/06\/Projet-bannie%CC%80re-Orange-mobile.jpg\" alt=\"\" width=\"728\" height=\"81\"\/><\/div>\n<p>Auteur: BS. Sidwaya<br \/>\n<a href=\"https:\/\/www.sidwaya.info\/blog\/2020\/04\/14\/coronavirus-covid-19-au-burkina-faso-13-nouveaux-cas-confirmes-07-guerisons-2-deces-a-la-date-du-13-avril-2020\/\">Cliquez ici pour lire l&rsquo;article depuis sa source.<\/a><\/p>\n","protected":false},"excerpt":{"rendered":"<p>A la date du 13 avril 2020, la situation de la maladie \u00e0 Coronavirus au Burkina Faso se pr\u00e9sente comme suit : \u2b9a 62 \u00e9chantillons analys\u00e9s dont 51 cas suspects et 11 contr\u00f4les ; \u2b9a 13 nouveaux cas confirm\u00e9s dont 11 \u00e0 Ouagadougou et 02 \u00e0 Bobo-Dioulasso ; \u2b9a 07 gu\u00e9risons, portant \u00e0 177, le [&hellip;]<\/p>\n","protected":false},"author":1816,"featured_media":0,"comment_status":"closed","ping_status":"closed","sticky":false,"template":"","format":"standard","meta":{"fifu_image_url":"","fifu_image_alt":"","footnotes":""},"categories":[73,81],"tags":[],"class_list":["post-82440","post","type-post","status-publish","format-standard","hentry","category-actualite","category-burkina-faso"],"_links":{"self":[{"href":"https:\/\/linitiative.ca\/International\/wp-json\/wp\/v2\/posts\/82440","targetHints":{"allow":["GET"]}}],"collection":[{"href":"https:\/\/linitiative.ca\/International\/wp-json\/wp\/v2\/posts"}],"about":[{"href":"https:\/\/linitiative.ca\/International\/wp-json\/wp\/v2\/types\/post"}],"author":[{"embeddable":true,"href":"https:\/\/linitiative.ca\/International\/wp-json\/wp\/v2\/users\/1816"}],"replies":[{"embeddable":true,"href":"https:\/\/linitiative.ca\/International\/wp-json\/wp\/v2\/comments?post=82440"}],"version-history":[{"count":0,"href":"https:\/\/linitiative.ca\/International\/wp-json\/wp\/v2\/posts\/82440\/revisions"}],"wp:attachment":[{"href":"https:\/\/linitiative.ca\/International\/wp-json\/wp\/v2\/media?parent=82440"}],"wp:term":[{"taxonomy":"category","embeddable":true,"href":"https:\/\/linitiative.ca\/International\/wp-json\/wp\/v2\/categories?post=82440"},{"taxonomy":"post_tag","embeddable":true,"href":"https:\/\/linitiative.ca\/International\/wp-json\/wp\/v2\/tags?post=82440"}],"curies":[{"name":"wp","href":"https:\/\/api.w.org\/{rel}","templated":true}]}}