{"id":82441,"date":"2020-04-14T13:18:03","date_gmt":"2020-04-14T17:18:03","guid":{"rendered":"https:\/\/linitiative.ca\/International\/covid-19-le-pam-fait-daddis-abeba-sa-pour-distribuer-les-fournitures-en-afrique\/"},"modified":"2020-04-14T13:18:03","modified_gmt":"2020-04-14T17:18:03","slug":"covid-19-le-pam-fait-daddis-abeba-sa-pour-distribuer-les-fournitures-en-afrique","status":"publish","type":"post","link":"https:\/\/linitiative.ca\/International\/covid-19-le-pam-fait-daddis-abeba-sa-pour-distribuer-les-fournitures-en-afrique\/","title":{"rendered":"Covid-19: Le PAM fait d\u2019Addis-Abeba sa pour distribuer les fournitures en Afrique"},"content":{"rendered":"<div readability=\"32\">\n<p>Publi\u00e9 le 14.04.2020 \u00e0 18h18 par APA News<\/p>\n<\/div>\n<div readability=\"87\">\n<p>Le gouvernement \u00e9thiopien et le Programme alimentaire mondial (PAM) ont ouvert mardi un nouveau hub \u00e0 l\u2019a\u00e9roport international de Bole \u00e0 Addis-Abeba \u00e0 partir duquel les fournitures, le mat\u00e9riel et les travailleurs humanitaires du Covid-19 seront transport\u00e9s par avion \u00e0 travers l\u2019Ethiopie et le reste de l\u2019Afrique.Le centre a\u00e9rien humanitaire d\u2019Addis-Abeba s\u2019inscrit dans le cadre d\u2019une initiative des Nations Unies visant \u00e0 intensifier l\u2019achat et la distribution d\u2019\u00e9quipements de protection et de fournitures m\u00e9dicales pour la r\u00e9ponse face au Covid-19. Avec les conseils et le soutien du Gouvernement \u00e9thiopien, le PAM a install\u00e9 la plaque tournante \u00e0 Addis-Abeba et commenc\u00e9 ses op\u00e9rations cette semaine.<\/p>\n<p>Le premier vol de fret est arriv\u00e9 en Ethiopie le 13 avril 2020 en provenance des Emirats arabes unis charg\u00e9 de tabliers, de masques faciaux, de gants, de lunettes, de blouses, de masques et de thermom\u00e8tres achet\u00e9s par l\u2019Organisation mondiale de la sant\u00e9 des Nations Unies (OMS) pour \u00eatre ventil\u00e9s dans 32 pays africains.<\/p>\n<p>\u00ab Gr\u00e2ce au gouvernement de l\u2019Ethiopie, le PAM a collabor\u00e9 avec les autorit\u00e9s a\u00e9roportuaires et douani\u00e8res pour \u00e9tablir cette plaque tournante a\u00e9rienne en quelques jours \u00bb, a d\u00e9clar\u00e9 le directeur de pays et repr\u00e9sentant du PAM pour l\u2019Ethiopie, Steven Were Omamo. \u00ab L\u2019Ethiopie a prouv\u00e9 sa volont\u00e9 et son agilit\u00e9 d\u2019agir en tant que dispensateur de soins r\u00e9gional en cette p\u00e9riode de crise \u00bb.<\/p>\n<p>\u00a0Une \u00e9quipe de 25 personnes de l\u2019aviation et de la logistique du PAM est bas\u00e9e \u00e0 l\u2019a\u00e9roport international de Bole \u00e0 Addis-Abeba et g\u00e8re les op\u00e9rations 24h\/24.<\/p>\n<p>L\u2019\u00e9quipe organise un espace d\u2019entreposage pour le vrac sec, la cargaison \u00e0 temp\u00e9rature contr\u00f4l\u00e9e et le stockage frigorifique et ses vols en avant. Le PAM assure \u00e9galement le suivi du fret, la gestion des entrep\u00f4ts et le service client dans les pays africains en collaboration avec les Centres africains de contr\u00f4le et de pr\u00e9vention des maladies.<\/p>\n<p>\u00ab Ce partenariat entre le gouvernement \u00e9thiopien, le PAM et l\u2019OMS est conforme \u00e0 la vision des Nations Unies en Ethiopie et met en \u00e9vidence la valeur de la collaboration pour r\u00e9pondre aux besoins de millions de personnes \u00bb, a d\u00e9clar\u00e9 le Coordonnateur r\u00e9sident et coordonnateur humanitaire des Nations Unies en Ethiopie. Catherine Sozi.<\/p>\n<p>\u00a0Apr\u00e8s de nouvelles discussions avec le Gouvernement \u00e9thiopien, le PAM pr\u00e9voit d\u2019organiser et de traiter des vols pour le personnel humanitaire via la plaque tournante d\u2019Addis-Abeba, ainsi que des \u00e9vacuations m\u00e9dicales.<\/p>\n<p>\u00a0Dans le cadre d\u2019un appel mondial \u00e0 lever deux milliards de dollars pour la r\u00e9ponse contre le Covid-19, lanc\u00e9 par le Bureau des Nations Unies pour la coordination des affaires humanitaires le 25 mars, le PAM demande 350 millions de dollars pour soutenir l\u2019aviation commune, les transports maritimes, le stockage et services de transport et d\u2019ing\u00e9nierie dans les zones touch\u00e9es par la pand\u00e9mie.<\/p>\n<\/div>\n<p>Auteur: APA News<br \/>\n<a href=\"https:\/\/www.journalducameroun.com\/covid-19-le-pam-fait-daddis-abeba-sa-pour-distribuer-les-fournitures-en-afrique\/\">Cliquez ici pour lire l&rsquo;article depuis sa source.<\/a><\/p>\n","protected":false},"excerpt":{"rendered":"<p>Publi\u00e9 le 14.04.2020 \u00e0 18h18 par APA News Le gouvernement \u00e9thiopien et le Programme alimentaire mondial (PAM) ont ouvert mardi un nouveau hub \u00e0 l\u2019a\u00e9roport international de Bole \u00e0 Addis-Abeba \u00e0 partir duquel les fournitures, le mat\u00e9riel et les travailleurs humanitaires du Covid-19 seront transport\u00e9s par avion \u00e0 travers l\u2019Ethiopie et le reste de l\u2019Afrique.Le [&hellip;]<\/p>\n","protected":false},"author":1965,"featured_media":0,"comment_status":"closed","ping_status":"closed","sticky":false,"template":"","format":"standard","meta":{"fifu_image_url":"","fifu_image_alt":"","footnotes":""},"categories":[73,82],"tags":[],"class_list":["post-82441","post","type-post","status-publish","format-standard","hentry","category-actualite","category-cameroun"],"_links":{"self":[{"href":"https:\/\/linitiative.ca\/International\/wp-json\/wp\/v2\/posts\/82441","targetHints":{"allow":["GET"]}}],"collection":[{"href":"https:\/\/linitiative.ca\/International\/wp-json\/wp\/v2\/posts"}],"about":[{"href":"https:\/\/linitiative.ca\/International\/wp-json\/wp\/v2\/types\/post"}],"author":[{"embeddable":true,"href":"https:\/\/linitiative.ca\/International\/wp-json\/wp\/v2\/users\/1965"}],"replies":[{"embeddable":true,"href":"https:\/\/linitiative.ca\/International\/wp-json\/wp\/v2\/comments?post=82441"}],"version-history":[{"count":0,"href":"https:\/\/linitiative.ca\/International\/wp-json\/wp\/v2\/posts\/82441\/revisions"}],"wp:attachment":[{"href":"https:\/\/linitiative.ca\/International\/wp-json\/wp\/v2\/media?parent=82441"}],"wp:term":[{"taxonomy":"category","embeddable":true,"href":"https:\/\/linitiative.ca\/International\/wp-json\/wp\/v2\/categories?post=82441"},{"taxonomy":"post_tag","embeddable":true,"href":"https:\/\/linitiative.ca\/International\/wp-json\/wp\/v2\/tags?post=82441"}],"curies":[{"name":"wp","href":"https:\/\/api.w.org\/{rel}","templated":true}]}}