{"id":82442,"date":"2020-04-14T15:18:04","date_gmt":"2020-04-14T19:18:04","guid":{"rendered":"https:\/\/linitiative.ca\/International\/covid-19-lafrique-connecte-a-la-distribution-de-fournitures-medicales\/"},"modified":"2020-04-14T15:18:04","modified_gmt":"2020-04-14T19:18:04","slug":"covid-19-lafrique-connecte-a-la-distribution-de-fournitures-medicales","status":"publish","type":"post","link":"https:\/\/linitiative.ca\/International\/covid-19-lafrique-connecte-a-la-distribution-de-fournitures-medicales\/","title":{"rendered":"Covid-19 : l\u2019Afrique connect\u00e9 \u00e0 la distribution de fournitures m\u00e9dicales"},"content":{"rendered":"<div readability=\"32\">\n<p>Publi\u00e9 le 14.04.2020 \u00e0 20h18 par APA News<\/p>\n<\/div>\n<div readability=\"106\">\n<p>Le premier \u00abvol de solidarit\u00e9\u00bb des Nations Unies devrait quitter mardi la capitale \u00e9thiopienne, Addis-Abeba, avec \u00e0 son bord des cargaisons m\u00e9dicales vitales vers tous les pays d\u2019Afrique, o\u00f9 des fournitures sont n\u00e9cessaires pour contenir la propagation du Covid-19.Le fret de l\u2019Organisation mondiale de la sant\u00e9 (OMS) est transport\u00e9 par le Programme alimentaire mondial (PAM) des Nations Unies et comprend des \u00e9crans faciaux, des gants, des lunettes, des blouses, des masques, des tabliers m\u00e9dicaux et des thermom\u00e8tres, ainsi que des ventilateurs.<\/p>\n<p>La cargaison comprend \u00e9galement une grande quantit\u00e9 de fournitures m\u00e9dicales donn\u00e9es par le Premier ministre Abiy Ahmed et Jack Ma Foundation Initiative pour vaincre le Covid-19 en Afrique.<\/p>\n<p>L\u2019Union africaine, par le biais des Centres africains de contr\u00f4le et de pr\u00e9vention des maladies (CDC Afrique), fournit un soutien technique et une coordination pour la distribution des fournitures.<\/p>\n<p>\u00abLes vols commerciaux sont clou\u00e9s au sol et le fret m\u00e9dical est bloqu\u00e9. Nous pouvons arr\u00eater ce virus sur ses traces, mais nous devons travailler ensemble. Le PAM est d\u00e9termin\u00e9 \u00e0 acheminer des fournitures m\u00e9dicales vitales sur les lignes de front et \u00e0 prot\u00e9ger les travailleurs m\u00e9dicaux alors qu\u2019ils sauvent des vies \u00bb, a d\u00e9clar\u00e9 David Beasley, Directeur ex\u00e9cutif du PAM.<\/p>\n<p>\u00ab\u00a0Nos ponts a\u00e9riens doivent \u00eatre enti\u00e8rement financ\u00e9s pour ce faire, et nous sommes pr\u00eats \u00e0 transporter des agents de sant\u00e9 et humanitaires en premi\u00e8re ligne, ainsi que des marchandises m\u00e9dicales\u00a0\u00bb, a-t-il ajout\u00e9 dans un communiqu\u00e9 publi\u00e9 \u00e0 Nairobi.<\/p>\n<p>La cargaison cruciale de l\u2019OMS comprend un million de masques faciaux, ainsi que des \u00e9quipements de protection individuelle, qui seront suffisants pour prot\u00e9ger les agents de sant\u00e9 tout en traitant plus de 30000 patients \u00e0 travers le continent et des fournitures de laboratoire pour soutenir la surveillance et la d\u00e9tection.<\/p>\n<p>\u00ab L\u2019Union africaine appr\u00e9cie les efforts de nos partenaires \u2013 l\u2019Organisation mondiale de la sant\u00e9, le Programme alimentaire mondial, la Fondation Jack Ma\/le Premier ministre Abiy Ahmed \u2013 pour soutenir la strat\u00e9gie continentale africaine de riposte au Covid-19.<\/p>\n<p>Les fournitures m\u00e9dicales sont indispensables en cette p\u00e9riode critique o\u00f9 les produits m\u00e9dicaux font d\u00e9faut dans le monde entier \u00bb, a d\u00e9clar\u00e9 Moussa Faki Mahamat, Pr\u00e9sident de la Commission de l\u2019Union africaine.<\/p>\n<p>\u00ab\u00a0L\u2019Union africaine continuera \u00e0 fournir la coordination n\u00e9cessaire ainsi que les ressources pour garantir que nos Etats membres sont en mesure de r\u00e9pondre aux besoins de services de sant\u00e9 pendant cette pand\u00e9mie\u00a0\u00bb, a-t-il ajout\u00e9.<\/p>\n<p>Le centre a\u00e9rien humanitaire d\u2019Addis-Abeba fait partie d\u2019une initiative des Nations Unies visant \u00e0 intensifier l\u2019achat et la distribution d\u2019\u00e9quipements de protection et de fournitures m\u00e9dicales pour la r\u00e9ponse face au Covid-19.<\/p>\n<p>Le premier vol de fret est arriv\u00e9 en Ethiopie le 13 avril en provenance des Emirats arabes unis charg\u00e9s de tabliers, de masques faciaux, de gants, de lunettes, de blouses, de masques et de thermom\u00e8tres achet\u00e9s par l\u2019Organisation mondiale de la sant\u00e9 des Nations Unies (OMS) pour \u00eatre distribu\u00e9s dans 32 pays africains.<\/p>\n<\/div>\n<p>Auteur: APA News<br \/>\n<a href=\"https:\/\/www.journalducameroun.com\/covid-19-lafrique-connecte-a-la-distribution-de-fournitures-medicales\/\">Cliquez ici pour lire l&rsquo;article depuis sa source.<\/a><\/p>\n","protected":false},"excerpt":{"rendered":"<p>Publi\u00e9 le 14.04.2020 \u00e0 20h18 par APA News Le premier \u00abvol de solidarit\u00e9\u00bb des Nations Unies devrait quitter mardi la capitale \u00e9thiopienne, Addis-Abeba, avec \u00e0 son bord des cargaisons m\u00e9dicales vitales vers tous les pays d\u2019Afrique, o\u00f9 des fournitures sont n\u00e9cessaires pour contenir la propagation du Covid-19.Le fret de l\u2019Organisation mondiale de la sant\u00e9 (OMS) [&hellip;]<\/p>\n","protected":false},"author":1965,"featured_media":0,"comment_status":"closed","ping_status":"closed","sticky":false,"template":"","format":"standard","meta":{"fifu_image_url":"","fifu_image_alt":"","footnotes":""},"categories":[73,82],"tags":[],"class_list":["post-82442","post","type-post","status-publish","format-standard","hentry","category-actualite","category-cameroun"],"_links":{"self":[{"href":"https:\/\/linitiative.ca\/International\/wp-json\/wp\/v2\/posts\/82442","targetHints":{"allow":["GET"]}}],"collection":[{"href":"https:\/\/linitiative.ca\/International\/wp-json\/wp\/v2\/posts"}],"about":[{"href":"https:\/\/linitiative.ca\/International\/wp-json\/wp\/v2\/types\/post"}],"author":[{"embeddable":true,"href":"https:\/\/linitiative.ca\/International\/wp-json\/wp\/v2\/users\/1965"}],"replies":[{"embeddable":true,"href":"https:\/\/linitiative.ca\/International\/wp-json\/wp\/v2\/comments?post=82442"}],"version-history":[{"count":0,"href":"https:\/\/linitiative.ca\/International\/wp-json\/wp\/v2\/posts\/82442\/revisions"}],"wp:attachment":[{"href":"https:\/\/linitiative.ca\/International\/wp-json\/wp\/v2\/media?parent=82442"}],"wp:term":[{"taxonomy":"category","embeddable":true,"href":"https:\/\/linitiative.ca\/International\/wp-json\/wp\/v2\/categories?post=82442"},{"taxonomy":"post_tag","embeddable":true,"href":"https:\/\/linitiative.ca\/International\/wp-json\/wp\/v2\/tags?post=82442"}],"curies":[{"name":"wp","href":"https:\/\/api.w.org\/{rel}","templated":true}]}}