{"id":82443,"date":"2020-04-14T15:18:06","date_gmt":"2020-04-14T19:18:06","guid":{"rendered":"https:\/\/linitiative.ca\/International\/le-president-senegalais-oeuvrera-au-succes-de-linitiative-du-roi-mohammed-vi-pour-la-gestion-de-la-pandemie-du-covid-19-en-afrique\/"},"modified":"2020-04-14T15:18:06","modified_gmt":"2020-04-14T19:18:06","slug":"le-president-senegalais-oeuvrera-au-succes-de-linitiative-du-roi-mohammed-vi-pour-la-gestion-de-la-pandemie-du-covid-19-en-afrique","status":"publish","type":"post","link":"https:\/\/linitiative.ca\/International\/le-president-senegalais-oeuvrera-au-succes-de-linitiative-du-roi-mohammed-vi-pour-la-gestion-de-la-pandemie-du-covid-19-en-afrique\/","title":{"rendered":"Le pr\u00e9sident s\u00e9n\u00e9galais \u0153uvrera au succ\u00e8s de l\u2019initiative du Roi Mohammed VI pour la gestion de la pand\u00e9mie du Covid-19 en Afrique"},"content":{"rendered":"<div readability=\"32\">\n<p>Publi\u00e9 le 14.04.2020 \u00e0 20h18 par APA News<\/p>\n<\/div>\n<div readability=\"69\">\n<p>Le pr\u00e9sident s\u00e9n\u00e9galais Macky Sall a remerci\u00e9 le Roi Mohammed VI pour son initiative visant \u00e0 aporter \u00ab une r\u00e9ponse solidaire et concert\u00e9e \u00bb contre le Covid-19 et exprim\u00e9 sa volont\u00e9 d\u2019\u0153uvrer au succ\u00e8s de la d\u00e9marche, indique un communiqu\u00e9 de la pr\u00e9sidence s\u00e9n\u00e9galaise, parvenu \u00e0 APA.Le Souverain marocain a fait part au pr\u00e9sident Macky Sall d\u2019une initiative visant \u00e0 r\u00e9unir quelques pays amis, dont le S\u00e9n\u00e9gal, pour apporter une r\u00e9ponse solidaire et concert\u00e9e contre la pand\u00e9mie du Covid-19.<\/p>\n<p>\u00ab Le Pr\u00e9sident a remerci\u00e9 Sa Majest\u00e9 pour cette heureuse initiative, et exprim\u00e9 sa volont\u00e9 d\u2019\u0153uvrer au succ\u00e8s de la d\u00e9marche qui fera prochainement l\u2019objet d\u2019une visioconf\u00e9rence entre les chefs d\u2019Etat et de Gouvernement des pays concern\u00e9s \u00bb, indique la m\u00eame source.<\/p>\n<p>Lundi, le Roi Mohammed VI a eu des entretiens t\u00e9l\u00e9phoniques, respectivement, avec les pr\u00e9sidents s\u00e9n\u00e9galais, Macky Sall, et ivoirien Alassane Dramane Ouattara, qui ont port\u00e9 sur l\u2019\u00e9volution alarmante de la pand\u00e9mie du Covid-19 dans le continent africain.<\/p>\n<p>Au cours de ces entretiens, le souverain a propos\u00e9 \u00a0le lancement d\u2019une initiative de chefs d\u2019Etat africains visant \u00e0 \u00e9tablir un cadre op\u00e9rationnel afin d\u2019accompagner les pays africains dans leurs diff\u00e9rentes phases de gestion de la pand\u00e9mie, a indiqu\u00e9 un communiqu\u00e9 du cabinet royal.<\/p>\n<p>Il s\u2019agit d\u2019 \u00ab une initiative pragmatique et orient\u00e9e vers l\u2019action, permettant un partage d\u2019exp\u00e9riences et de bonnes pratiques, pour faire face \u00e0 l\u2019impact sanitaire, \u00e9conomique et social de la pand\u00e9mie \u00bb, ajoute-t-on de m\u00eame source.<\/p>\n<\/div>\n<p>Auteur: APA News<br \/>\n<a href=\"https:\/\/www.journalducameroun.com\/le-president-senegalais-oeuvrera-au-succes-de-linitiative-du-roi-mohammed-vi-pour-la-gestion-de-la-pandemie-du-covid-19-en-afrique\/\">Cliquez ici pour lire l&rsquo;article depuis sa source.<\/a><\/p>\n","protected":false},"excerpt":{"rendered":"<p>Publi\u00e9 le 14.04.2020 \u00e0 20h18 par APA News Le pr\u00e9sident s\u00e9n\u00e9galais Macky Sall a remerci\u00e9 le Roi Mohammed VI pour son initiative visant \u00e0 aporter \u00ab une r\u00e9ponse solidaire et concert\u00e9e \u00bb contre le Covid-19 et exprim\u00e9 sa volont\u00e9 d\u2019\u0153uvrer au succ\u00e8s de la d\u00e9marche, indique un communiqu\u00e9 de la pr\u00e9sidence s\u00e9n\u00e9galaise, parvenu \u00e0 APA.Le [&hellip;]<\/p>\n","protected":false},"author":1965,"featured_media":0,"comment_status":"closed","ping_status":"closed","sticky":false,"template":"","format":"standard","meta":{"fifu_image_url":"","fifu_image_alt":"","footnotes":""},"categories":[73,82],"tags":[],"class_list":["post-82443","post","type-post","status-publish","format-standard","hentry","category-actualite","category-cameroun"],"_links":{"self":[{"href":"https:\/\/linitiative.ca\/International\/wp-json\/wp\/v2\/posts\/82443","targetHints":{"allow":["GET"]}}],"collection":[{"href":"https:\/\/linitiative.ca\/International\/wp-json\/wp\/v2\/posts"}],"about":[{"href":"https:\/\/linitiative.ca\/International\/wp-json\/wp\/v2\/types\/post"}],"author":[{"embeddable":true,"href":"https:\/\/linitiative.ca\/International\/wp-json\/wp\/v2\/users\/1965"}],"replies":[{"embeddable":true,"href":"https:\/\/linitiative.ca\/International\/wp-json\/wp\/v2\/comments?post=82443"}],"version-history":[{"count":0,"href":"https:\/\/linitiative.ca\/International\/wp-json\/wp\/v2\/posts\/82443\/revisions"}],"wp:attachment":[{"href":"https:\/\/linitiative.ca\/International\/wp-json\/wp\/v2\/media?parent=82443"}],"wp:term":[{"taxonomy":"category","embeddable":true,"href":"https:\/\/linitiative.ca\/International\/wp-json\/wp\/v2\/categories?post=82443"},{"taxonomy":"post_tag","embeddable":true,"href":"https:\/\/linitiative.ca\/International\/wp-json\/wp\/v2\/tags?post=82443"}],"curies":[{"name":"wp","href":"https:\/\/api.w.org\/{rel}","templated":true}]}}