{"id":82445,"date":"2020-04-14T17:18:02","date_gmt":"2020-04-14T21:18:02","guid":{"rendered":"https:\/\/linitiative.ca\/International\/covid-19-des-artisans-mauritaniens-se-tournent-vers-la-confection-des-masques\/"},"modified":"2020-04-14T17:18:02","modified_gmt":"2020-04-14T21:18:02","slug":"covid-19-des-artisans-mauritaniens-se-tournent-vers-la-confection-des-masques","status":"publish","type":"post","link":"https:\/\/linitiative.ca\/International\/covid-19-des-artisans-mauritaniens-se-tournent-vers-la-confection-des-masques\/","title":{"rendered":"Covid-19: des artisans mauritaniens se tournent vers la confection des masques"},"content":{"rendered":"<div readability=\"32\">\n<p>Publi\u00e9 le 14.04.2020 \u00e0 22h18 par APA News<\/p>\n<\/div>\n<div readability=\"58\">\n<p>Le d\u00e9partement de l\u2019Artisanat en Mauritanie a remis aux autorit\u00e9s une quantit\u00e9 de 10.000 masques de protection contre le coronavirus confectionn\u00e9s par ses membres, a constat\u00e9 APA mardi \u00e0 Nouakchott.Il s\u2019agit d\u2019un premier lot de masques que les artisans continuent de fabriquer localement pour satisfaire une partie des besoins du pays dans ce domaine, a d\u00e9clar\u00e9 le directeur de l\u2019Artisanat, Abidine Baba Ahmed, lors de la remise du mat\u00e9riel.<\/p>\n<p>Il a appel\u00e9 les diff\u00e9rentes administrations mauritaniennes \u00e0 s\u2019orienter vers les artisans pour leurs besoins, affirmant que des quantit\u00e9s suffisantes seront fabriqu\u00e9es prochainement.<\/p>\n<p>De son c\u00f4t\u00e9, le secr\u00e9taire g\u00e9n\u00e9ral du minist\u00e8re de la Culture, de l\u2019Artisanat et des Relations avec le Parlement, Ahmedou Ould Khteira, a indiqu\u00e9 que le premier lot re\u00e7u sera envoy\u00e9 aux d\u00e9l\u00e9gations r\u00e9gionales dans les villes int\u00e9rieures pour le distribuer sur les diff\u00e9rents centres de sant\u00e9.<\/p>\n<p>Les masques de protection contre le Covid19 -19 font l\u2019objet actuellement d\u2019une demande accrue au niveau mondial.<\/p>\n<p>La Mauritanie a jusqu\u2019ici d\u00e9couvert sept cas confirm\u00e9s de coronavirus dont deux ont \u00e9t\u00e9 gu\u00e9ris et un d\u00e9c\u00e9d\u00e9. \u00a0 \u00a0\u00a0<\/p>\n<\/div>\n<p>Auteur: APA News<br \/>\n<a href=\"https:\/\/www.journalducameroun.com\/covid-19-des-artisans-mauritaniens-se-tournent-vers-la-confection-des-masques\/\">Cliquez ici pour lire l&rsquo;article depuis sa source.<\/a><\/p>\n","protected":false},"excerpt":{"rendered":"<p>Publi\u00e9 le 14.04.2020 \u00e0 22h18 par APA News Le d\u00e9partement de l\u2019Artisanat en Mauritanie a remis aux autorit\u00e9s une quantit\u00e9 de 10.000 masques de protection contre le coronavirus confectionn\u00e9s par ses membres, a constat\u00e9 APA mardi \u00e0 Nouakchott.Il s\u2019agit d\u2019un premier lot de masques que les artisans continuent de fabriquer localement pour satisfaire une partie [&hellip;]<\/p>\n","protected":false},"author":1965,"featured_media":0,"comment_status":"closed","ping_status":"closed","sticky":false,"template":"","format":"standard","meta":{"fifu_image_url":"","fifu_image_alt":"","footnotes":""},"categories":[73,82],"tags":[],"class_list":["post-82445","post","type-post","status-publish","format-standard","hentry","category-actualite","category-cameroun"],"_links":{"self":[{"href":"https:\/\/linitiative.ca\/International\/wp-json\/wp\/v2\/posts\/82445","targetHints":{"allow":["GET"]}}],"collection":[{"href":"https:\/\/linitiative.ca\/International\/wp-json\/wp\/v2\/posts"}],"about":[{"href":"https:\/\/linitiative.ca\/International\/wp-json\/wp\/v2\/types\/post"}],"author":[{"embeddable":true,"href":"https:\/\/linitiative.ca\/International\/wp-json\/wp\/v2\/users\/1965"}],"replies":[{"embeddable":true,"href":"https:\/\/linitiative.ca\/International\/wp-json\/wp\/v2\/comments?post=82445"}],"version-history":[{"count":0,"href":"https:\/\/linitiative.ca\/International\/wp-json\/wp\/v2\/posts\/82445\/revisions"}],"wp:attachment":[{"href":"https:\/\/linitiative.ca\/International\/wp-json\/wp\/v2\/media?parent=82445"}],"wp:term":[{"taxonomy":"category","embeddable":true,"href":"https:\/\/linitiative.ca\/International\/wp-json\/wp\/v2\/categories?post=82445"},{"taxonomy":"post_tag","embeddable":true,"href":"https:\/\/linitiative.ca\/International\/wp-json\/wp\/v2\/tags?post=82445"}],"curies":[{"name":"wp","href":"https:\/\/api.w.org\/{rel}","templated":true}]}}