{"id":82446,"date":"2020-04-14T09:07:30","date_gmt":"2020-04-14T13:07:30","guid":{"rendered":"https:\/\/linitiative.ca\/International\/coronavirus-le-gouvernement-change-de-strategie-de-communication\/"},"modified":"2020-04-14T09:07:30","modified_gmt":"2020-04-14T13:07:30","slug":"coronavirus-le-gouvernement-change-de-strategie-de-communication","status":"publish","type":"post","link":"https:\/\/linitiative.ca\/International\/coronavirus-le-gouvernement-change-de-strategie-de-communication\/","title":{"rendered":"Coronavirus : le gouvernement change de strat\u00e9gie de communication"},"content":{"rendered":"<div id=\"the-post\">\n<div class=\"featured-area featured-area-inner\" readability=\"7\"><img loading=\"lazy\" decoding=\"async\" width=\"660\" height=\"281\" src=\"https:\/\/ecomatin.net\/wp-content\/uploads\/2020\/04\/coronavirus-2.jpg\" class=\"attachment-jannah-image-post size-jannah-image-post wp-post-image\" alt=\"corona virus\" srcset=\"https:\/\/ecomatin.net\/wp-content\/uploads\/2020\/04\/coronavirus-2.jpg 660w, https:\/\/ecomatin.net\/wp-content\/uploads\/2020\/04\/coronavirus-2-300x128.jpg 300w\" sizes=\"auto, (max-width: 660px) 100vw, 660px\" data-attachment-id=\"15002\" data-permalink=\"https:\/\/ecomatin.net\/coronavirus-le-gouvernement-change-de-strategie-de-communication\/coronavirus-2-2\/\" data-orig-file=\"https:\/\/ecomatin.net\/wp-content\/uploads\/2020\/04\/coronavirus-2.jpg\" data-orig-size=\"660,281\" data-comments-opened=\"0\" data-image-meta=\"{&quot;aperture&quot;:&quot;0&quot;,&quot;credit&quot;:&quot;&quot;,&quot;camera&quot;:&quot;&quot;,&quot;caption&quot;:&quot;&quot;,&quot;created_timestamp&quot;:&quot;0&quot;,&quot;copyright&quot;:&quot;&quot;,&quot;focal_length&quot;:&quot;0&quot;,&quot;iso&quot;:&quot;0&quot;,&quot;shutter_speed&quot;:&quot;0&quot;,&quot;title&quot;:&quot;&quot;,&quot;orientation&quot;:&quot;0&quot;}\" data-image-title=\"coronavirus 2\" data-image-description=\"\" data-medium-file=\"https:\/\/ecomatin.net\/wp-content\/uploads\/2020\/04\/coronavirus-2-300x128.jpg\" data-large-file=\"https:\/\/ecomatin.net\/wp-content\/uploads\/2020\/04\/coronavirus-2.jpg\"\/> Le Minsant\u00e9 veut mettre fin \u00e0 la psychose<\/div>\n<div class=\"entry-content entry clearfix\" readability=\"55.9669161087\">\n<p>Les Camerounais n\u2019auront plus doit \u00e0 l\u2019\u00e9volution chiffr\u00e9e et d\u00e9taill\u00e9e de la maladie \u00e0 coronavirus sur leur territoire. C\u2019est en tout cas ce qui ressort d\u2019une communication du ministre de la Sant\u00e9 publique (Minsant\u00e9), sur son compte twitter.<\/p>\n<p>\u00ab\u00a0Tr\u00e8s sensible \u00e0 la nouvelle orientation que vous avez souhait\u00e9 donner \u00e0 notre communication, je vais donc m\u2019employer d\u00e9sormais \u00e0 ne publier simplement que des informations sur l\u2019\u00e9volution de notre strat\u00e9gie, les cas graves, les cas gu\u00e9ris, les d\u00e9c\u00e8s et les mesures barri\u00e8res\u00a0\u00bb, a twitt\u00e9 Manaouda Malachie, le 9 avril 2020.<\/p>\n<p>Le Minsant\u00e9 r\u00e9pondait ainsi aux plaintes de nombreux camerounais qui estiment la communication gouvernementale sur les chiffres du Covid-19 dans leur pays sont loin de rassurer\u00a0; cela cr\u00e9erait plut\u00f4t la psychose au sein de la population. Le dernier pointage fait par le minist\u00e8re de la sant\u00e9, au soir du 13 avril 2020 a donc \u00e9t\u00e9 de \u00ab\u00a0130 nouveaux cas gu\u00e9ris au Covid-19 (\u2026) Ce qui porte le nombre de gu\u00e9ris \u00e0 228\u00a0\u00bb. Fid\u00e8le \u00e0 sa promesse, Manaouda Malachie n\u2019a communiqu\u00e9 que des \u00ab\u00a0chiffres rassurants\u00a0\u00bb.<\/p>\n<p>Le premier cas de Covid-19 d\u00e9tect\u00e9 au Cameroun remonte au 6 mars. Il s\u2019agissait d\u2019un fran\u00e7ais en provenance de l\u2019Hexagone. Avec des chiffres sans cesse croissant, le gouvernement a mis en place le 17 mars un plan de riposte contre la pand\u00e9mie, et 13 mesures applicables sur l\u2019ensemble du pays ont \u00e9t\u00e9 prises. Elles ont par la suite \u00e9t\u00e9 maintenues et renforc\u00e9es le 9 avril par 7 autres mesures additionnelles.<\/p>\n<p>Au niveau du minist\u00e8re de la Sant\u00e9 publique, la strat\u00e9gie de riposte mise sur pied s\u2019articule sur cinq axes principaux\u00a0: le testing massif et g\u00e9n\u00e9ralis\u00e9, le placement en traitement imm\u00e9diat des cas, la surveillance active des cas suspects, la sensibilisation des populations, la ma\u00eetrise des fronti\u00e8res et le d\u00e9veloppement d\u2019expertises locales fiables pour la riposte.<\/p>\n<div class=\"awac-wrapper awac widget posts-list-widget-13\">\n<h4 class=\"widget-title\">Recent Posts<\/h4>\n<\/div>\n<\/div>\n<\/div>\n<div readability=\"31.5\">\n<div class=\"container-wrapper subscribe-widget widget-inner-wrap subscribe-widget-content\" id=\"post-newsletter\" readability=\"33\">\n<h4>With Product You Purchase<\/h4>\n<h3>Subscribe to our mailing list to get the new updates!<\/h3>\n<p>Lorem ipsum dolor sit amet, consectetur.<\/p>\n<\/div>\n<\/div>\n<p>Auteur: EcoMatin<br \/>\n<a href=\"https:\/\/ecomatin.net\/coronavirus-le-gouvernement-change-de-strategie-de-communication\/\">Cliquez ici pour lire l&rsquo;article depuis sa source.<\/a><\/p>\n","protected":false},"excerpt":{"rendered":"<p>Le Minsant\u00e9 veut mettre fin \u00e0 la psychose Les Camerounais n\u2019auront plus doit \u00e0 l\u2019\u00e9volution chiffr\u00e9e et d\u00e9taill\u00e9e de la maladie \u00e0 coronavirus sur leur territoire. C\u2019est en tout cas ce qui ressort d\u2019une communication du ministre de la Sant\u00e9 publique (Minsant\u00e9), sur son compte twitter. \u00ab\u00a0Tr\u00e8s sensible \u00e0 la nouvelle orientation que vous avez [&hellip;]<\/p>\n","protected":false},"author":1969,"featured_media":0,"comment_status":"closed","ping_status":"closed","sticky":false,"template":"","format":"standard","meta":{"fifu_image_url":"","fifu_image_alt":"","footnotes":""},"categories":[82,78],"tags":[],"class_list":["post-82446","post","type-post","status-publish","format-standard","hentry","category-cameroun","category-economie"],"_links":{"self":[{"href":"https:\/\/linitiative.ca\/International\/wp-json\/wp\/v2\/posts\/82446","targetHints":{"allow":["GET"]}}],"collection":[{"href":"https:\/\/linitiative.ca\/International\/wp-json\/wp\/v2\/posts"}],"about":[{"href":"https:\/\/linitiative.ca\/International\/wp-json\/wp\/v2\/types\/post"}],"author":[{"embeddable":true,"href":"https:\/\/linitiative.ca\/International\/wp-json\/wp\/v2\/users\/1969"}],"replies":[{"embeddable":true,"href":"https:\/\/linitiative.ca\/International\/wp-json\/wp\/v2\/comments?post=82446"}],"version-history":[{"count":0,"href":"https:\/\/linitiative.ca\/International\/wp-json\/wp\/v2\/posts\/82446\/revisions"}],"wp:attachment":[{"href":"https:\/\/linitiative.ca\/International\/wp-json\/wp\/v2\/media?parent=82446"}],"wp:term":[{"taxonomy":"category","embeddable":true,"href":"https:\/\/linitiative.ca\/International\/wp-json\/wp\/v2\/categories?post=82446"},{"taxonomy":"post_tag","embeddable":true,"href":"https:\/\/linitiative.ca\/International\/wp-json\/wp\/v2\/tags?post=82446"}],"curies":[{"name":"wp","href":"https:\/\/api.w.org\/{rel}","templated":true}]}}