{"id":82447,"date":"2020-04-14T09:20:42","date_gmt":"2020-04-14T13:20:42","guid":{"rendered":"https:\/\/linitiative.ca\/International\/covid-19-les-contrevenants-a-la-decision-du-port-de-masque-sexposent-a-une-amende\/"},"modified":"2020-04-14T09:20:42","modified_gmt":"2020-04-14T13:20:42","slug":"covid-19-les-contrevenants-a-la-decision-du-port-de-masque-sexposent-a-une-amende","status":"publish","type":"post","link":"https:\/\/linitiative.ca\/International\/covid-19-les-contrevenants-a-la-decision-du-port-de-masque-sexposent-a-une-amende\/","title":{"rendered":"Covid-19 : les contrevenants \u00e0 la d\u00e9cision du port de masque s\u2019exposent \u00e0 une amende"},"content":{"rendered":"<div id=\"the-post\">\n<div class=\"featured-area featured-area-inner\" readability=\"7\"><img loading=\"lazy\" decoding=\"async\" width=\"512\" height=\"391\" src=\"https:\/\/ecomatin.net\/wp-content\/uploads\/2020\/04\/port-du-masque.jpg\" class=\"attachment-jannah-image-post size-jannah-image-post wp-post-image\" alt=\"port de masque\" srcset=\"https:\/\/ecomatin.net\/wp-content\/uploads\/2020\/04\/port-du-masque.jpg 512w, https:\/\/ecomatin.net\/wp-content\/uploads\/2020\/04\/port-du-masque-300x229.jpg 300w\" sizes=\"auto, (max-width: 512px) 100vw, 512px\" data-attachment-id=\"15006\" data-permalink=\"https:\/\/ecomatin.net\/covid-19-les-contrevenants-a-la-decision-du-port-de-masque-sexposent-a-une-amende\/port-du-masque\/\" data-orig-file=\"https:\/\/ecomatin.net\/wp-content\/uploads\/2020\/04\/port-du-masque.jpg\" data-orig-size=\"512,391\" data-comments-opened=\"0\" data-image-meta=\"{&quot;aperture&quot;:&quot;0&quot;,&quot;credit&quot;:&quot;&quot;,&quot;camera&quot;:&quot;&quot;,&quot;caption&quot;:&quot;&quot;,&quot;created_timestamp&quot;:&quot;0&quot;,&quot;copyright&quot;:&quot;&quot;,&quot;focal_length&quot;:&quot;0&quot;,&quot;iso&quot;:&quot;0&quot;,&quot;shutter_speed&quot;:&quot;0&quot;,&quot;title&quot;:&quot;&quot;,&quot;orientation&quot;:&quot;0&quot;}\" data-image-title=\"port du masque\" data-image-description=\"&lt;p&gt;Des amendes de 2 000 et 6 000 FCFA pr&#xE9;vues &lt;\/p&gt;\" data-medium-file=\"https:\/\/ecomatin.net\/wp-content\/uploads\/2020\/04\/port-du-masque-300x229.jpg\" data-large-file=\"https:\/\/ecomatin.net\/wp-content\/uploads\/2020\/04\/port-du-masque.jpg\"\/> Des amendes de 2 000 et 6 000 FCFA pr\u00e9vues<\/div>\n<div class=\"entry-content entry clearfix\" readability=\"40.7516339869\">\n<p>Le 9 avril, le Premier ministre Joseph Dion Ngute a \u00e9dict\u00e9 7 nouvelles mesures dans le cadre du plan de riposte contre le Coronavirus au Cameroun. Parmi lesquelles se trouve, la g\u00e9n\u00e9ralisation du port du masque \u00e0 compter du lundi 13 avril 2020, dans tous les espaces ouverts au public.<\/p>\n<p>Cette mesure vient compl\u00e9ter la d\u00e9cision du 7 avril du ministre des Transports Jean Ernest Massena Ngalle Bibehe, qui a impos\u00e9 le port du masque \u00e0 tous les usagers qui veulent emprunter les transports urbains et interurbains de masse.<\/p>\n<p>Dans la ville de Yaound\u00e9 particuli\u00e8rement, il est difficile de rencontrer quelqu\u2019un sans masque depuis lundi. La raison principale \u00e9tant que personne ne veut \u00eatre frapp\u00e9e par l\u2019amende qui suit la d\u00e9cision gouvernementale.<\/p>\n<p>Est en effet frapp\u00e9e d\u2019une amende de 6 000 FCFA toute personne crois\u00e9e dans un lieu public qui n\u2019est pas en possession d\u2019un masque. Les citoyens qui ont des masques sur eux mais ne le portent pas, risquent une amende de 2\u00a0000 FCFA.<\/p>\n<p>Dans l\u2019objectif de limiter la propagation du virus, les autorit\u00e9s administratives, municipales et les forces de l\u2019ordre sont mises \u00e0 contribution pour veiller \u00e0 l\u2019application de cette mesure.<\/p>\n<div class=\"awac-wrapper awac widget posts-list-widget-13\">\n<h4 class=\"widget-title\">Recent Posts<\/h4>\n<\/div>\n<\/div>\n<\/div>\n<div readability=\"31.5\">\n<div class=\"container-wrapper subscribe-widget widget-inner-wrap subscribe-widget-content\" id=\"post-newsletter\" readability=\"33\">\n<h4>With Product You Purchase<\/h4>\n<h3>Subscribe to our mailing list to get the new updates!<\/h3>\n<p>Lorem ipsum dolor sit amet, consectetur.<\/p>\n<\/div>\n<\/div>\n<p>Auteur: EcoMatin<br \/>\n<a href=\"https:\/\/ecomatin.net\/covid-19-les-contrevenants-a-la-decision-du-port-de-masque-sexposent-a-une-amende\/\">Cliquez ici pour lire l&rsquo;article depuis sa source.<\/a><\/p>\n","protected":false},"excerpt":{"rendered":"<p>Des amendes de 2 000 et 6 000 FCFA pr\u00e9vues Le 9 avril, le Premier ministre Joseph Dion Ngute a \u00e9dict\u00e9 7 nouvelles mesures dans le cadre du plan de riposte contre le Coronavirus au Cameroun. Parmi lesquelles se trouve, la g\u00e9n\u00e9ralisation du port du masque \u00e0 compter du lundi 13 avril 2020, dans tous [&hellip;]<\/p>\n","protected":false},"author":1969,"featured_media":0,"comment_status":"closed","ping_status":"closed","sticky":false,"template":"","format":"standard","meta":{"fifu_image_url":"","fifu_image_alt":"","footnotes":""},"categories":[82,78],"tags":[],"class_list":["post-82447","post","type-post","status-publish","format-standard","hentry","category-cameroun","category-economie"],"_links":{"self":[{"href":"https:\/\/linitiative.ca\/International\/wp-json\/wp\/v2\/posts\/82447","targetHints":{"allow":["GET"]}}],"collection":[{"href":"https:\/\/linitiative.ca\/International\/wp-json\/wp\/v2\/posts"}],"about":[{"href":"https:\/\/linitiative.ca\/International\/wp-json\/wp\/v2\/types\/post"}],"author":[{"embeddable":true,"href":"https:\/\/linitiative.ca\/International\/wp-json\/wp\/v2\/users\/1969"}],"replies":[{"embeddable":true,"href":"https:\/\/linitiative.ca\/International\/wp-json\/wp\/v2\/comments?post=82447"}],"version-history":[{"count":0,"href":"https:\/\/linitiative.ca\/International\/wp-json\/wp\/v2\/posts\/82447\/revisions"}],"wp:attachment":[{"href":"https:\/\/linitiative.ca\/International\/wp-json\/wp\/v2\/media?parent=82447"}],"wp:term":[{"taxonomy":"category","embeddable":true,"href":"https:\/\/linitiative.ca\/International\/wp-json\/wp\/v2\/categories?post=82447"},{"taxonomy":"post_tag","embeddable":true,"href":"https:\/\/linitiative.ca\/International\/wp-json\/wp\/v2\/tags?post=82447"}],"curies":[{"name":"wp","href":"https:\/\/api.w.org\/{rel}","templated":true}]}}