{"id":82451,"date":"2020-04-15T10:49:55","date_gmt":"2020-04-15T14:49:55","guid":{"rendered":"https:\/\/linitiative.ca\/International\/les-delais-des-declarations-de-revenus-pour-les-personnes-physiques-reportes-au-30-juin%ef%bb%bf\/"},"modified":"2020-04-15T10:49:55","modified_gmt":"2020-04-15T14:49:55","slug":"les-delais-des-declarations-de-revenus-pour-les-personnes-physiques-reportes-au-30-juin%ef%bb%bf","status":"publish","type":"post","link":"https:\/\/linitiative.ca\/International\/les-delais-des-declarations-de-revenus-pour-les-personnes-physiques-reportes-au-30-juin%ef%bb%bf\/","title":{"rendered":"Les d\u00e9lais des d\u00e9clarations de revenus pour les personnes physiques report\u00e9s au 30 juin\ufeff"},"content":{"rendered":"<div>\n<p style=\"text-align:center\" class=\"has-text-color has-vivid-red-color\"><strong>Comit&eacute; de veille &eacute;conomique <\/strong><\/p>\n<p style=\"color:#0608e5\" class=\"has-text-color\"><strong>Le Comit&eacute; de veille &eacute;conomique (CVE), r&eacute;uni mardi &agrave; Rabat, a d&eacute;cid&eacute; de reporter les d&eacute;lais des d&eacute;clarations de revenus pour les personnes physiques qui le souhaitent de fin avril au 30 juin 2020.<\/strong><\/p>\n<p>Lors de cette r&eacute;union o&ugrave; l&rsquo;accent a &eacute;t&eacute; mis sur la n&eacute;cessit&eacute;<br \/>\nd&rsquo;&eacute;tudier le lancement d&rsquo;une nouvelle s&eacute;rie de mesures &agrave; la lumi&egrave;re des<br \/>\n&eacute;volutions constat&eacute;es, le CVE a &eacute;galement d&eacute;cid&eacute; d&rsquo;exon&eacute;rer de l&rsquo;imp&ocirc;t sur le<br \/>\nrevenu, tout compl&eacute;ment d&rsquo;indemnit&eacute; vers&eacute; au profit des salari&eacute;s (affili&eacute;s &agrave; la<br \/>\nCaisse nationale de s&eacute;curit&eacute; sociale) par leurs employeurs, dans la limite de<br \/>\n50% du salaire mensuel net moyen, indique un communiqu&eacute; du minist&egrave;re de<br \/>\nl&rsquo;&Eacute;conomie, des finances et de la r&eacute;forme de l&rsquo;administration.<\/p>\n<p>Sur le plan administratif, le comit&eacute; a pris note des mesures<br \/>\nd&rsquo;assouplissement qui visent &agrave; &eacute;viter aux entreprises titulaires de march&eacute;s<br \/>\npublics de supporter des p&eacute;nalit&eacute;s pour des retards d&rsquo;ex&eacute;cution qui ne leur<br \/>\nsont pas imputables, fait savoir la m&ecirc;me source, notant qu&rsquo;une circulaire du<br \/>\nminist&egrave;re charg&eacute; des finances sera diffus&eacute;e incessamment.<\/p>\n<p>Au volet de la gouvernance des soci&eacute;t&eacute;s anonymes, un projet<br \/>\nde loi est en cours de mise au point pour introduire les souplesses n&eacute;cessaires<br \/>\npermettant notamment la tenue &agrave; distance, en cette p&eacute;riode d&rsquo;&eacute;tat d&rsquo;urgence<br \/>\nsanitaire, des r&eacute;unions des organes d&eacute;lib&eacute;rants, particuli&egrave;rement en ce qui<br \/>\nconcerne les arr&ecirc;t&eacute;s des comptes, souligne le minist&egrave;re.<\/p>\n<p>Par ailleurs, le CVE a signal&eacute; que la capacit&eacute; de l&rsquo;&eacute;conomie<br \/>\nmarocaine &agrave; surmonter cette crise passera in&eacute;luctablement par une collaboration<br \/>\n&eacute;troite entre l&rsquo;&Eacute;tat et les entreprises. &laquo; Cette collaboration n&eacute;cessitera, de<br \/>\nla part des entreprises, de faire preuve d&rsquo;un v&eacute;ritable sens de responsabilit&eacute;.<br \/>\nC&rsquo;est dans ce sens que le comit&eacute; veillera au respect des r&egrave;gles d&rsquo;octroi des<br \/>\naides aux entreprises qui sont en difficult&eacute;. Un d&eacute;cret, explicitant les<br \/>\nnouvelles conditions d&rsquo;octroi des dites aides, est en cours de finalisation &raquo;,<br \/>\nrel&egrave;ve le minist&egrave;re.<\/p>\n<p>Parall&egrave;lement aux actions et mesures de court-terme pour<br \/>\nr&eacute;pondre aux urgences de la crise sanitaire, ledit comit&eacute; s&rsquo;est accord&eacute; sur une<br \/>\nm&eacute;thodologie de conduite de la r&eacute;flexion prospective visant &agrave; &eacute;laborer des<br \/>\nscenarii soutenables pour les deux phases &agrave; venir: le red&eacute;marrage progressif<br \/>\ndes diff&eacute;rents secteurs d&rsquo;activit&eacute; et la relance vigoureuse de l&rsquo;&eacute;conomie<br \/>\nnationale. Les moyens &agrave; mobiliser pour chaque sc&eacute;nario seront ainsi d&eacute;gag&eacute;s.<\/p>\n<p>Cette 4&egrave;me r&eacute;union de travail du comit&eacute; a &eacute;t&eacute; aussi consacr&eacute;e<br \/>\n&agrave; la pr&eacute;sentation de l&rsquo;&eacute;volution de la situation &eacute;conomique et financi&egrave;re du<br \/>\npays et au premier bilan de la mise en &oelig;uvre des mesures jusque-l&agrave; d&eacute;ploy&eacute;es.<br \/>\nAinsi, l&rsquo;analyse des derniers indicateurs conjoncturels disponibles a permis de<br \/>\nr&eacute;v&eacute;ler que le comportement des diff&eacute;rents secteurs de l&rsquo;&eacute;conomie nationale<br \/>\nface &agrave; la crise du Covid-19 n&rsquo;a pas &eacute;t&eacute; homog&egrave;ne. En effet, certaines branches<br \/>\nd&rsquo;activit&eacute;s, particuli&egrave;rement celles qui d&eacute;pendent de la demande &eacute;trang&egrave;re et<br \/>\ncelles &agrave; l&rsquo;arr&ecirc;t par d&eacute;cision des pouvoirs publics, ont &eacute;t&eacute; lourdement<br \/>\nimpact&eacute;es, alors que d&rsquo;autres ont maintenu leur dynamisme, b&eacute;n&eacute;ficiant des<br \/>\nmesures entreprises pour la pr&eacute;servation des emplois et le soutien du pouvoir<br \/>\nd&rsquo;achat ou de continuit&eacute; de demande a l&rsquo;international.<\/p>\n<p>Par la suite, le CVE a examin&eacute; le 1er bilan des mesures de<br \/>\nsoutien en faveur des entreprises en difficult&eacute;, des salari&eacute;s affili&eacute;s &agrave; la<br \/>\nCNSS et des chefs de m&eacute;nages op&eacute;rants dans le secteur informel, soutenues par<br \/>\nle Fonds sp&eacute;cial pour la gestion du Covid-19, suivant les hautes instructions<br \/>\ndu Roi Mohammed VI. A cet &eacute;gard, tous les membres ont pris acte de<br \/>\nl&rsquo;op&eacute;rationnalisation r&eacute;ussie de ces mesures, gr&acirc;ce &agrave; la forte mobilisation et<br \/>\naux efforts consentis par toutes les parties prenantes, sous l&rsquo;impulsion du<br \/>\nRoi. La prochaine r&eacute;union du Comit&eacute; de veille &eacute;conomique est pr&eacute;vu le lundi 20<br \/>\navril, conclut le communiqu&eacute;.<\/p>\n<p>L&rsquo;article <a rel=\"nofollow\" href=\"http:\/\/albayane.press.ma\/les-delais-des-declarations-de-revenus-pour-les-personnes-physiques-reportes-au-30-juin%EF%BB%BF.html\">Les d&eacute;lais des d&eacute;clarations de revenus pour les personnes physiques report&eacute;s au 30 juin&#65279;<\/a> est apparu en premier sur <a rel=\"nofollow\" href=\"http:\/\/albayane.press.ma\/\">ALBAYANE<\/a>.<\/p>\n<\/div>\n<p>Auteur: M&rsquo;hammed rahal<br \/>\n<a href=\"http:\/\/albayane.press.ma\/les-delais-des-declarations-de-revenus-pour-les-personnes-physiques-reportes-au-30-juin%EF%BB%BF.html\">Cliquez ici pour lire l&rsquo;article depuis sa source.<\/a><\/p>\n","protected":false},"excerpt":{"rendered":"<p>Comit&eacute; de veille &eacute;conomique Le Comit&eacute; de veille &eacute;conomique (CVE), r&eacute;uni mardi &agrave; Rabat, a d&eacute;cid&eacute; de reporter les d&eacute;lais des d&eacute;clarations de revenus pour les personnes physiques qui le souhaitent de fin avril au 30 juin 2020. Lors de cette r&eacute;union o&ugrave; l&rsquo;accent a &eacute;t&eacute; mis sur la n&eacute;cessit&eacute; d&rsquo;&eacute;tudier le lancement d&rsquo;une nouvelle [&hellip;]<\/p>\n","protected":false},"author":1760,"featured_media":0,"comment_status":"closed","ping_status":"closed","sticky":false,"template":"","format":"standard","meta":{"fifu_image_url":"","fifu_image_alt":"","footnotes":""},"categories":[73,54],"tags":[],"class_list":["post-82451","post","type-post","status-publish","format-standard","hentry","category-actualite","category-maroc"],"_links":{"self":[{"href":"https:\/\/linitiative.ca\/International\/wp-json\/wp\/v2\/posts\/82451","targetHints":{"allow":["GET"]}}],"collection":[{"href":"https:\/\/linitiative.ca\/International\/wp-json\/wp\/v2\/posts"}],"about":[{"href":"https:\/\/linitiative.ca\/International\/wp-json\/wp\/v2\/types\/post"}],"author":[{"embeddable":true,"href":"https:\/\/linitiative.ca\/International\/wp-json\/wp\/v2\/users\/1760"}],"replies":[{"embeddable":true,"href":"https:\/\/linitiative.ca\/International\/wp-json\/wp\/v2\/comments?post=82451"}],"version-history":[{"count":0,"href":"https:\/\/linitiative.ca\/International\/wp-json\/wp\/v2\/posts\/82451\/revisions"}],"wp:attachment":[{"href":"https:\/\/linitiative.ca\/International\/wp-json\/wp\/v2\/media?parent=82451"}],"wp:term":[{"taxonomy":"category","embeddable":true,"href":"https:\/\/linitiative.ca\/International\/wp-json\/wp\/v2\/categories?post=82451"},{"taxonomy":"post_tag","embeddable":true,"href":"https:\/\/linitiative.ca\/International\/wp-json\/wp\/v2\/tags?post=82451"}],"curies":[{"name":"wp","href":"https:\/\/api.w.org\/{rel}","templated":true}]}}