{"id":82458,"date":"2020-04-15T10:57:59","date_gmt":"2020-04-15T14:57:59","guid":{"rendered":"https:\/\/linitiative.ca\/International\/le-groupe-franco-tunisien-alliance-met-ses-hotels-a-la-disposition-de-letat\/"},"modified":"2020-04-15T10:57:59","modified_gmt":"2020-04-15T14:57:59","slug":"le-groupe-franco-tunisien-alliance-met-ses-hotels-a-la-disposition-de-letat","status":"publish","type":"post","link":"https:\/\/linitiative.ca\/International\/le-groupe-franco-tunisien-alliance-met-ses-hotels-a-la-disposition-de-letat\/","title":{"rendered":"Le groupe Franco- Tunisien Alliance met ses h\u00f4tels \u00e0 la disposition de l\u2019\u00e9tat"},"content":{"rendered":"<p>Dans le cadre de la lutte nationale contre l\u2019\u00e9pid\u00e9mie Covid 19, le Groupe Franco -Tunisien Alliance s\u2019engage \u00e0 aider davantage l\u2019\u00e9tat Tunisien \u00e0 g\u00e9rer la crise sanitaire suivant les mesures s\u00e9curitaires prises.<\/p>\n<p>Le groupe a dans ce cadre mis \u00e0 la disposition du Minist\u00e8re de la sant\u00e9 deux de ses h\u00f4tels : Le Palace Gammarth (5\u00e9toiles) et Golden Tulipe Tunis El Mechtel (4 \u00e9toiles).<\/p>\n<p>Les deux h\u00f4tels ont \u00e9t\u00e9 am\u00e9nag\u00e9s depuis d\u00e9but Avril 2020, pour accueillir dans les meilleures conditions le corps soignant, qui sont en premi\u00e8re ligne pour affronter le coronavirus, ils doivent \u00eatre \u00e9loign\u00e9s de leurs familles, ainsi que les Tunisiens mis en quarantaine obligatoire suite \u00e0 leurs rapatriements des pays \u00e9trangers.<\/p>\n<p>Dans ce cadre, l\u2019h\u00f4tel Le Palace Gammarth est mis totalement \u00e0 la disposition du gouvernement et du minist\u00e8re de la sant\u00e9. Quant \u00e0 l\u2019h\u00f4tel Golden Tulipe El Mechtel qui demeure en activit\u00e9 commerciale, un nombre important de \u00a0ses chambres ont \u00e9t\u00e9 sp\u00e9cialement am\u00e9nag\u00e9s pour accueillir le corps m\u00e9dical.<\/p>\n<p>Cette d\u00e9cision vient renforcer les mesures pr\u00e9ventives ainsi que les actions de solidarit\u00e9 mis en \u0153uvre par le Groupe Alliance pour faire face \u00e0 l\u2019\u00e9pid\u00e9mie, une mani\u00e8re de r\u00e9pondre aux appels des minist\u00e8res de la sant\u00e9 et du tourisme. \u00a0<\/p>\n<p>Dans ce contexte, monsieur Samir Jaieb PDG du groupe a tenu \u00e0 exprimer tout son soutien pour le personnel soignant qui demeure selon lui en premi\u00e8re ligne dans cette terrible bataille contre l\u2019\u00e9pid\u00e9mie de coronavirus : \u00ab Nos deux HOTELS \u00a0sont pr\u00eats \u00e0 loger toute personne envoy\u00e9e par le minist\u00e8re de la sant\u00e9 et \u00a0notre personnel travaillera d\u2019arrache-pied pour leur assurer un h\u00e9bergement confortable\u00bb<\/p>\n<p>Samir Jaieb \u00a0a \u00e9galement soulign\u00e9 que cette initiative s\u2019inscrit dans le cadre de la contribution nationale du secteur touristique \u00e0 l\u2019effort national pour lutter contre le Covid-19, et ce malgr\u00e9 la crise exceptionnelle par laquelle le secteur. \u00a0<\/p>\n<p>Rappelons que le Groupe Alliance a d\u00e9j\u00e0 fait un don \u00e9quivalent \u00e0 une journ\u00e9e de travail au profit du Fonds de Solidarit\u00e9 1818.<\/p>\n<div class=\"wp-post-author-wrap wp-post-author-shortcode left\">\n<h3 class=\"awpa-title\"\/>\n<div class=\"wp-post-author\">\n<div class=\"awpa-img awpa-author-block square\"><a href=\"http:\/\/lexpertjournal.net\/fr\/?author=5\"><img loading=\"lazy\" decoding=\"async\" alt=\"\" src=\"http:\/\/0.gravatar.com\/avatar\/97f8e10a1c1125ba104a76514ee07b16?s=150&amp;d=mm&amp;r=g\" srcset=\"http:\/\/0.gravatar.com\/avatar\/97f8e10a1c1125ba104a76514ee07b16?s=300&amp;d=mm&amp;r=g 2x\" class=\"avatar avatar-150 photo\" height=\"150\" width=\"150\"\/><\/a><\/div>\n<\/div>\n<\/div>\n<aside class=\"mashsb-container mashsb-main mashsb-stretched\">\n<\/aside>\n<p>Auteur: L&rsquo;expert<br \/>\n<a href=\"http:\/\/lexpertjournal.net\/fr\/?p=13948\">Cliquez ici pour lire l&rsquo;article depuis sa source.<\/a><\/p>\n","protected":false},"excerpt":{"rendered":"<p>Dans le cadre de la lutte nationale contre l\u2019\u00e9pid\u00e9mie Covid 19, le Groupe Franco -Tunisien Alliance s\u2019engage \u00e0 aider davantage l\u2019\u00e9tat Tunisien \u00e0 g\u00e9rer la crise sanitaire suivant les mesures s\u00e9curitaires prises. Le groupe a dans ce cadre mis \u00e0 la disposition du Minist\u00e8re de la sant\u00e9 deux de ses h\u00f4tels : Le Palace Gammarth [&hellip;]<\/p>\n","protected":false},"author":1775,"featured_media":0,"comment_status":"closed","ping_status":"closed","sticky":false,"template":"","format":"standard","meta":{"fifu_image_url":"","fifu_image_alt":"","footnotes":""},"categories":[78,55],"tags":[],"class_list":["post-82458","post","type-post","status-publish","format-standard","hentry","category-economie","category-tunisie"],"_links":{"self":[{"href":"https:\/\/linitiative.ca\/International\/wp-json\/wp\/v2\/posts\/82458","targetHints":{"allow":["GET"]}}],"collection":[{"href":"https:\/\/linitiative.ca\/International\/wp-json\/wp\/v2\/posts"}],"about":[{"href":"https:\/\/linitiative.ca\/International\/wp-json\/wp\/v2\/types\/post"}],"author":[{"embeddable":true,"href":"https:\/\/linitiative.ca\/International\/wp-json\/wp\/v2\/users\/1775"}],"replies":[{"embeddable":true,"href":"https:\/\/linitiative.ca\/International\/wp-json\/wp\/v2\/comments?post=82458"}],"version-history":[{"count":0,"href":"https:\/\/linitiative.ca\/International\/wp-json\/wp\/v2\/posts\/82458\/revisions"}],"wp:attachment":[{"href":"https:\/\/linitiative.ca\/International\/wp-json\/wp\/v2\/media?parent=82458"}],"wp:term":[{"taxonomy":"category","embeddable":true,"href":"https:\/\/linitiative.ca\/International\/wp-json\/wp\/v2\/categories?post=82458"},{"taxonomy":"post_tag","embeddable":true,"href":"https:\/\/linitiative.ca\/International\/wp-json\/wp\/v2\/tags?post=82458"}],"curies":[{"name":"wp","href":"https:\/\/api.w.org\/{rel}","templated":true}]}}