{"id":82468,"date":"2020-04-15T12:00:00","date_gmt":"2020-04-15T16:00:00","guid":{"rendered":"https:\/\/linitiative.ca\/International\/90-nouveaux-cas-confirmes-et-10-nouveaux-deces-en-algerie\/"},"modified":"2020-04-15T12:00:00","modified_gmt":"2020-04-15T16:00:00","slug":"90-nouveaux-cas-confirmes-et-10-nouveaux-deces-en-algerie","status":"publish","type":"post","link":"https:\/\/linitiative.ca\/International\/90-nouveaux-cas-confirmes-et-10-nouveaux-deces-en-algerie\/","title":{"rendered":"90 nouveaux cas confirm\u00e9s et 10 nouveaux d\u00e9c\u00e8s en Alg\u00e9rie"},"content":{"rendered":"<div id=\"originalText\" readability=\"39\">\n<p class=\"c6\">Quatre-vingt-dix\u00a0nouveaux cas confirm\u00e9s de\u00a0coronavirus (Covid-19) et 10 nouveaux d\u00e9c\u00e8s ont \u00e9t\u00e9 enregistr\u00e9s en Alg\u00e9rie,\u00a0portant ainsi le nombre de cas confirm\u00e9s \u00e0 2160 et celui des d\u00e9c\u00e8s \u00e0 336, a\u00a0indiqu\u00e9 mercredi le porte-parole du Comit\u00e9 scientifique de suivi de\u00a0l&rsquo;\u00e9volution de la pand\u00e9mie du Coronavirus, Djamel Fourar, lors du point de\u00a0presse quotidien consacr\u00e9 \u00e0 l&rsquo;\u00e9volution de la pand\u00e9mie.<\/p>\n<p class=\"c7\"><strong>APS<\/strong><\/p>\n<p class=\"c6\">\u00a0<\/p>\n<\/div>\n<div id=\"text_core\" readability=\"39\">\n<p class=\"c6\">Quatre-vingt-dix\u00a0nouveaux cas confirm\u00e9s de\u00a0coronavirus (Covid-19) et 10 nouveaux d\u00e9c\u00e8s ont \u00e9t\u00e9 enregistr\u00e9s en Alg\u00e9rie,\u00a0portant ainsi le nombre de cas confirm\u00e9s \u00e0 2160 et celui des d\u00e9c\u00e8s \u00e0 336, a\u00a0indiqu\u00e9 mercredi le porte-parole du Comit\u00e9 scientifique de suivi de\u00a0l&rsquo;\u00e9volution de la pand\u00e9mie du Coronavirus, Djamel Fourar, lors du point de\u00a0presse quotidien consacr\u00e9 \u00e0 l&rsquo;\u00e9volution de la pand\u00e9mie.<\/p>\n<p class=\"c7\"><strong>APS<\/strong><\/p>\n<p class=\"c6\">\u00a0<\/p>\n<\/div>\n<p>Auteur:<br \/>\n<a href=\"https:\/\/www.liberte-algerie.com\/actualite\/90-nouveaux-cas-confirmes-et-10-nouveaux-deces-en-algerie-337501\">Cliquez ici pour lire l&rsquo;article depuis sa source.<\/a><\/p>\n","protected":false},"excerpt":{"rendered":"<p>Quatre-vingt-dix\u00a0nouveaux cas confirm\u00e9s de\u00a0coronavirus (Covid-19) et 10 nouveaux d\u00e9c\u00e8s ont \u00e9t\u00e9 enregistr\u00e9s en Alg\u00e9rie,\u00a0portant ainsi le nombre de cas confirm\u00e9s \u00e0 2160 et celui des d\u00e9c\u00e8s \u00e0 336, a\u00a0indiqu\u00e9 mercredi le porte-parole du Comit\u00e9 scientifique de suivi de\u00a0l&rsquo;\u00e9volution de la pand\u00e9mie du Coronavirus, Djamel Fourar, lors du point de\u00a0presse quotidien consacr\u00e9 \u00e0 l&rsquo;\u00e9volution de la [&hellip;]<\/p>\n","protected":false},"author":1742,"featured_media":0,"comment_status":"closed","ping_status":"closed","sticky":false,"template":"","format":"standard","meta":{"fifu_image_url":"","fifu_image_alt":"","footnotes":""},"categories":[73,53],"tags":[],"class_list":["post-82468","post","type-post","status-publish","format-standard","hentry","category-actualite","category-algerie"],"_links":{"self":[{"href":"https:\/\/linitiative.ca\/International\/wp-json\/wp\/v2\/posts\/82468","targetHints":{"allow":["GET"]}}],"collection":[{"href":"https:\/\/linitiative.ca\/International\/wp-json\/wp\/v2\/posts"}],"about":[{"href":"https:\/\/linitiative.ca\/International\/wp-json\/wp\/v2\/types\/post"}],"author":[{"embeddable":true,"href":"https:\/\/linitiative.ca\/International\/wp-json\/wp\/v2\/users\/1742"}],"replies":[{"embeddable":true,"href":"https:\/\/linitiative.ca\/International\/wp-json\/wp\/v2\/comments?post=82468"}],"version-history":[{"count":0,"href":"https:\/\/linitiative.ca\/International\/wp-json\/wp\/v2\/posts\/82468\/revisions"}],"wp:attachment":[{"href":"https:\/\/linitiative.ca\/International\/wp-json\/wp\/v2\/media?parent=82468"}],"wp:term":[{"taxonomy":"category","embeddable":true,"href":"https:\/\/linitiative.ca\/International\/wp-json\/wp\/v2\/categories?post=82468"},{"taxonomy":"post_tag","embeddable":true,"href":"https:\/\/linitiative.ca\/International\/wp-json\/wp\/v2\/tags?post=82468"}],"curies":[{"name":"wp","href":"https:\/\/api.w.org\/{rel}","templated":true}]}}