{"id":82469,"date":"2020-04-15T07:47:13","date_gmt":"2020-04-15T11:47:13","guid":{"rendered":"https:\/\/linitiative.ca\/International\/fort-engagement-de-la-societe-civile-en-faveur-des-familles-necessiteuses\/"},"modified":"2020-04-15T07:47:13","modified_gmt":"2020-04-15T11:47:13","slug":"fort-engagement-de-la-societe-civile-en-faveur-des-familles-necessiteuses","status":"publish","type":"post","link":"https:\/\/linitiative.ca\/International\/fort-engagement-de-la-societe-civile-en-faveur-des-familles-necessiteuses\/","title":{"rendered":"Fort engagement de la soci\u00e9t\u00e9 civile en faveur des familles n\u00e9cessiteuses"},"content":{"rendered":"<div readability=\"37\">\n<p>Par : Hassan EL AMRI<br \/>Essaouira \u2013 A l\u2019instar des composantes du tissu associatif dans les diff\u00e9rentes r\u00e9gions du Royaume, la soci\u00e9t\u00e9 civile \u00e0 Essaouira s\u2019est fortement engag\u00e9e afin de venir en aide aux familles n\u00e9cessiteuses en cette conjoncture exceptionnelle que traverse le Royaume, induite par la propagation du nouveau coronavirus (Covid-19).<\/p>\n<\/div>\n<div readability=\"162\">\n<p>Ainsi, plusieurs initiatives ont \u00e9t\u00e9 entreprises par les acteurs associatifs de la cit\u00e9 des Aliz\u00e9s en vue de pr\u00eater main forte et de contribuer \u00e0 l\u2019\u00e9lan de solidarit\u00e9 national visant \u00e0 lutter contre cette pand\u00e9mie et d\u2019att\u00e9nuer ses incidences socio-\u00e9conomiques sur la population locale, notamment parmi les couches les plus vuln\u00e9rables.<\/p>\n<p>Ces nobles initiatives citoyennes, qui ont gagn\u00e9 en intensit\u00e9 \u00e0 l\u2019\u00e9chelle de la province en cette p\u00e9riode marqu\u00e9e par l\u2019\u00e9tat d\u2019urgence sanitaire et les mesures draconiennes de confinement, refl\u00e8tent, sans ambages, l\u2019esprit de patriotisme et de volontariat ainsi que le sens \u00e9lev\u00e9 de civisme dont font preuve constamment les acteurs de la soci\u00e9t\u00e9 civile afin de consacrer davantage ces valeurs d\u2019entraide et de solidarit\u00e9, \u00f4 combien ancr\u00e9es dans la soci\u00e9t\u00e9 marocaine.<\/p>\n<p>Ces actions de bienfaisance traduisent \u00e9galement l\u2019engagement exemplaire et infaillible des Souiris \u00e0 agir avec efficacit\u00e9 et efficience en faveur de leurs compatriotes parmi les plus d\u00e9munis, et \u00e0 apporter leurs contributions aux \u00e9normes efforts, tous azimuts, consentis et aux diverses actions men\u00e9es \u00e0 travers le Royaume, pour surmonter cette crise sanitaire mondiale le plus rapidement possible, avec un minimum de pertes.<\/p>\n<p>Soucieuse de favoriser une meilleure coh\u00e9sion sociale en cette conjoncture d\u00e9licate et consciente de l\u2019urgence de la situation,\u00a0l\u2019Association Essaouira-Mogador s\u2019est ainsi mobilis\u00e9e et a lanc\u00e9 un appel \u00e0 la g\u00e9n\u00e9rosit\u00e9 des bienfaiteurs et aux dons afin de venir en aide aux familles les plus vuln\u00e9rables et en situation de pr\u00e9carit\u00e9 vivant dans la M\u00e9dina, \u00e0 m\u00eame de pouvoir leur offrir des aides alimentaires ou leur permettre de disposer de denr\u00e9es et de produits de premi\u00e8re n\u00e9cessit\u00e9.<\/p>\n<p>L\u2019Association a, dans ce sens, proc\u00e9d\u00e9 \u00e0 l\u2019ouverture d\u2019un compte bancaire sous le nom \u00ab\u00a0Fonds de solidarit\u00e9 Essaouira au C\u0153ur\u00a0\u00bb, avec pour objectif de collecter des dons en vue de pouvoir fournir une aide imm\u00e9diate, notamment offrir des ch\u00e8ques et paniers alimentaires au profit du plus grand nombre de familles dans le besoin vivant au sein de l\u2019ancienne m\u00e9dina d\u2019Essaouira.<\/p>\n<p>Gr\u00e2ce au concours de ses membres, de plusieurs donateurs et bienfaiteurs, l\u2019Association Essaouira-Mogador a r\u00e9ussi la distribution jusqu\u2019\u00e0 l\u2019heure actuelle de 600 paniers alimentaires, au grand bonheur des familles b\u00e9n\u00e9ficiaires, qui ont \u00e9t\u00e9 fortement touch\u00e9es par les r\u00e9percussions de cette pand\u00e9mie, notamment sur les plans social et \u00e9conomique.<\/p>\n<p>Dans ce sens, le pr\u00e9sident du bureau ex\u00e9cutif de l\u2019Association Essaouira-Mogador, Tarik Ottmani, a indiqu\u00e9 que cette initiative s\u2019inscrit dans le cadre de la dynamique de solidarit\u00e9 et de l\u2019\u00e9lan f\u00e9d\u00e9rateur de mobilisation g\u00e9n\u00e9rale enclench\u00e9s \u00e0 l\u2019\u00e9chelle locale pour la lutte contre le nouveau coronavirus et l\u2019att\u00e9nuation des effets socio-\u00e9conomiques du Covid-19 sur la population de la ville, notamment parmi les familles d\u00e9munies vivant dans la m\u00e9dina.<\/p>\n<p>Et M. Ottmani de souligner, dans une d\u00e9claration \u00e0 la MAP, que cette action, qui se poursuit toujours, se veut aussi un devoir national en cette conjoncture d\u00e9licate afin de contribuer \u00e0 l\u2019\u00e9lan de solidarit\u00e9 national et d\u2019accompagner les mesures d\u00e9cr\u00e9t\u00e9es par les pouvoirs publics pour faire face \u00e0 la propagation de cette pand\u00e9mie et pr\u00e9server ainsi la s\u00e9curit\u00e9 sanitaire des citoyennes et des citoyens.<\/p>\n<p>Il a ajout\u00e9 que cette op\u00e9ration, qui se veut une illustration \u00e9loquente parmi tant d\u2019autres de l\u2019engagement de la soci\u00e9t\u00e9 civile \u00e0 Essaouira en faveur des couches les plus n\u00e9cessiteuses, a suscit\u00e9 un large \u00e9cho favorable aupr\u00e8s des donateurs qui n\u2019ont pas h\u00e9sit\u00e9 un seul moment \u00e0 offrir leurs dons, en vue de relever ensemble les multiples d\u00e9fis impos\u00e9s par cette crise sanitaire internationale.<\/p>\n<p>Cette action, a-t-il not\u00e9, s\u2019est d\u00e9roul\u00e9e dans le strict respect des consignes et des directives de pr\u00e9vention mises en place par les autorit\u00e9s comp\u00e9tentes et ce, en coordination avec les autorit\u00e9s locales et les services concern\u00e9s.<\/p>\n<p>M. Ottmani a pr\u00e9cis\u00e9 que les membres de l\u2019Association ont, en collaboration avec d\u2019autres associations partenaires, pris en charge la livraison de ces aides alimentaires aux domiciles des m\u00e9nages b\u00e9n\u00e9ficiaires, tout en se conformant scrupuleusement aux dispositifs mis sur pied pour le respect des mesures de confinement et de l\u2019\u00e9tat d\u2019urgence sanitaire.<\/p>\n<p>Il a, en outre, affirm\u00e9 qu\u2019il a \u00e9t\u00e9 proc\u00e9d\u00e9 aussi \u00e0 la distribution de 2.500 bouteilles de gel hydroalcoolique et de 1.000 masques de protection, faisant remarquer qu\u2019une bonne partie de ce lot \u00e0 \u00e9t\u00e9 distribu\u00e9e aux agents d\u2019autorit\u00e9 mobilis\u00e9s, jour et nuit, pour veiller \u00e0 la s\u00e9curit\u00e9 et \u00e0 la s\u00fbret\u00e9 des habitants de la cit\u00e9 des Aliz\u00e9s, ainsi qu\u2019aux familles b\u00e9n\u00e9ficiaires de ces paniers alimentaires.<\/p>\n<p>Cette contribution, qui vient s\u2019ajouter aux multiples initiatives men\u00e9es \u00e0 l\u2019\u00e9chelle locale aussi bien par les autorit\u00e9s comp\u00e9tentes que par le tissu associatif, intervient dans le sillage d\u2019un effort collectif de toutes les composantes de la soci\u00e9t\u00e9 souirie afin de mener cette bataille commune face \u00e0 la propagation du nouveau coronavirus, a-t-il poursuivi.<\/p>\n<p>Il a, dans la foul\u00e9e, hautement salu\u00e9 les diverses actions citoyennes louables men\u00e9es par d\u2019autres acteurs locaux qui, malgr\u00e9 leurs moyens financiers limit\u00e9s, veillent, eux aussi, \u00e0 adh\u00e9rer pleinement \u00e0 cette campagne de solidarit\u00e9 men\u00e9e \u00e0 l\u2019\u00e9chelle de la province et \u00e0 apporter joie et bonheur aux m\u00e9nages cibl\u00e9s.<\/p>\n<p>M. Ottmani n\u2019a pas manqu\u00e9 de plaider, en conclusion, pour la n\u00e9cessit\u00e9 de la multiplication et de l\u2019intensification de ce genre d\u2019initiatives, afin d\u2019aider et d\u2019assister les familles vuln\u00e9rables et d\u00e9munies en ces circonstances exceptionnelles que traverse le pays et de sortir vainqueurs ensemble de cette \u00e9preuve induite par la propagation de cette pand\u00e9mie.<\/p>\n<\/div>\n<p>Auteur: Meriem IGASS<br \/>\n<a href=\"http:\/\/www.mapmarrakech.ma\/fr\/fort-engagement-de-la-societe-civile-en-faveur-des-familles-necessiteuses\/\">Cliquez ici pour lire l&rsquo;article depuis sa source.<\/a><\/p>\n","protected":false},"excerpt":{"rendered":"<p>Par : Hassan EL AMRIEssaouira \u2013 A l\u2019instar des composantes du tissu associatif dans les diff\u00e9rentes r\u00e9gions du Royaume, la soci\u00e9t\u00e9 civile \u00e0 Essaouira s\u2019est fortement engag\u00e9e afin de venir en aide aux familles n\u00e9cessiteuses en cette conjoncture exceptionnelle que traverse le Royaume, induite par la propagation du nouveau coronavirus (Covid-19). Ainsi, plusieurs initiatives ont [&hellip;]<\/p>\n","protected":false},"author":1788,"featured_media":0,"comment_status":"closed","ping_status":"closed","sticky":false,"template":"","format":"standard","meta":{"fifu_image_url":"","fifu_image_alt":"","footnotes":""},"categories":[54,76],"tags":[],"class_list":["post-82469","post","type-post","status-publish","format-standard","hentry","category-maroc","category-regions"],"_links":{"self":[{"href":"https:\/\/linitiative.ca\/International\/wp-json\/wp\/v2\/posts\/82469","targetHints":{"allow":["GET"]}}],"collection":[{"href":"https:\/\/linitiative.ca\/International\/wp-json\/wp\/v2\/posts"}],"about":[{"href":"https:\/\/linitiative.ca\/International\/wp-json\/wp\/v2\/types\/post"}],"author":[{"embeddable":true,"href":"https:\/\/linitiative.ca\/International\/wp-json\/wp\/v2\/users\/1788"}],"replies":[{"embeddable":true,"href":"https:\/\/linitiative.ca\/International\/wp-json\/wp\/v2\/comments?post=82469"}],"version-history":[{"count":0,"href":"https:\/\/linitiative.ca\/International\/wp-json\/wp\/v2\/posts\/82469\/revisions"}],"wp:attachment":[{"href":"https:\/\/linitiative.ca\/International\/wp-json\/wp\/v2\/media?parent=82469"}],"wp:term":[{"taxonomy":"category","embeddable":true,"href":"https:\/\/linitiative.ca\/International\/wp-json\/wp\/v2\/categories?post=82469"},{"taxonomy":"post_tag","embeddable":true,"href":"https:\/\/linitiative.ca\/International\/wp-json\/wp\/v2\/tags?post=82469"}],"curies":[{"name":"wp","href":"https:\/\/api.w.org\/{rel}","templated":true}]}}