{"id":82474,"date":"2020-04-15T07:36:14","date_gmt":"2020-04-15T11:36:14","guid":{"rendered":"https:\/\/linitiative.ca\/International\/20-jours-de-confinement-a-blida-large-adhesion-au-chef-lieu-et-proportionnel-dans-dautres-communes\/"},"modified":"2020-04-15T07:36:14","modified_gmt":"2020-04-15T11:36:14","slug":"20-jours-de-confinement-a-blida-large-adhesion-au-chef-lieu-et-proportionnel-dans-dautres-communes","status":"publish","type":"post","link":"https:\/\/linitiative.ca\/International\/20-jours-de-confinement-a-blida-large-adhesion-au-chef-lieu-et-proportionnel-dans-dautres-communes\/","title":{"rendered":"20 jours de confinement \u00e0 Blida: large adh\u00e9sion au chef lieu et proportionnel dans d&rsquo;autres communes"},"content":{"rendered":"<div readability=\"42\">\n<p><strong>BLIDA &#8211; La d\u00e9cision de confinements total, impos\u00e9e depuis plus de 20 jours \u00e0 la wilaya de Blida, pour mettre un frein \u00e0 la propagation du nouveau coronavirus (Covid-19), b\u00e9n\u00e9ficie d\u2019une large\u00a0adh\u00e9sion des citoyens du centre ville de Blida, au moment o\u00f9 elle est relativement suivie dans les autres communes de la wilaya, en d\u00e9pit de l\u2019intensification des campagnes de sensibilisation, dans ce sens. Un fait qui a incit\u00e9 plus d\u2019un \u00e0 plaider pour le renforcement des mesures r\u00e9pressives \u00e0 l\u2019encontre des contrevenants au confinement, a-t-on constat\u00e9.<\/strong><\/p>\n<\/div>\n<div readability=\"210\">\n<p>Lors d\u2019une tourn\u00e9e au niveau des quartiers et art\u00e8res principales du centre ville de Blida, l\u2019APS a constat\u00e9 une large adh\u00e9sion des citoyens \u00e0 la mesure de confinement total, d\u00e9cid\u00e9e suite \u00e0 l\u2019enregistrement du plus grand nombre de cas de Covid-19, dans la wilaya.<\/p>\n<p>Le trafic automobile, d\u2019ordinaire \u00e9touffant, a carr\u00e9ment disparu, au moment o\u00f9 les gens ont d\u00e9sert\u00e9 les rues de la ville, pour se barricader chez eux, histoire de se prot\u00e9ger contre ce virus tueur, qui a endeuill\u00e9\u00a0plusieurs familles de Blida.<\/p>\n<p>Calme plat, \u00e9galement, au niveau des boulevards principaux de la ville, qui grouillaient de monde, auparavant, en raison du grand nombre de commerces en tout genre et des restaurants qu\u2019ils concentrent, notamment le boulevard \u00ab\u00a0Mohamed Boudiaf\u00a0\u00bb, dit \u00ab\u00a0Boulevard des 20 m\u00e8tres\u00a0\u00bb, ou encore les\u00a0boulevards \u00ab\u00a0Kritli Mokhtar\u00a0\u00bb, \u00ab\u00a0LarbiTebessi\u00a0\u00bb, et \u00ab\u00a0Place de la libert\u00e9 \u00ab\u00a0.<\/p>\n<blockquote readability=\"15\">\n<p><em><strong>Tous les commerces ont baiss\u00e9 rideau jusqu\u2019\u00e0 nouvel ordre, en application des d\u00e9cisions des autorit\u00e9s, \u00e0 l\u2019exception des activit\u00e9s commerciales assurant l\u2019approvisionnement des citoyens en produits alimentaires de base et autres besoins en m\u00e9dicaments et autres (commerces d\u2019alimentation g\u00e9n\u00e9rale, laiteries, boulangeries, boucheries, et pharmacies), ouverts jusqu&rsquo;\u00e0 15H00.<\/strong><\/em><\/p>\n<\/blockquote>\n<p>C\u2019est aux premi\u00e8res heures de la matin\u00e9e, que les rues du centre ville de Blida semblent quelque peu s\u2019animer. Nombre de citoyens sortent pour acqu\u00e9rir leurs besoins, non sans omettre de porter des bavettes, devenues d\u00e9sormais un accessoire obligatoire pour toute sortie. Mais les rues sont d\u00e9sert\u00e9es d\u00e9s l\u2019apr\u00e8s-midi.<\/p>\n<p>\u00ab\u00a0J\u2019\u00e9vite de sortir au maximum, sauf pour n\u00e9cessit\u00e9 extr\u00eame\u00a0\u00bb, a assur\u00e9 dans une d\u00e9claration \u00e0 l\u2019APS, un homme, bavette au visage, rencontr\u00e9 dans une file d\u2019attente, align\u00e9e devant une surface commerciale, o\u00f9 les clients rentraient par petits groupes de trois. Admettant la difficult\u00e9 de la situation \u00ab\u00a0d\u2019autant plus que je suis retrait\u00e9\u00a0\u00bb, a-t-il pr\u00e9cis\u00e9, il a affirm\u00e9 avoir interdit \u00e0 ses trois fils de sortir de la maison, en d\u00e9pit du<\/p>\n<p>fait qu\u2019ils sont contre l\u2019id\u00e9e de confinement. \u00ab\u00a0La situation sanitaire du pays, et celle de notre wilaya de fa\u00e7on particuli\u00e8re, plac\u00e9e en confinement total, suite au d\u00e9passement de la barre des 500 cas de Covid-19, exige un respect stricte de cette mesure\u00a0\u00bb, a-t-il soulign\u00e9.<\/p>\n<p><span class=\"c30\"><strong>&#8212; Echos relatifs \u00e0 la d\u00e9cision dans les autres communes&#8212;<\/strong><\/span><\/p>\n<p>A l\u2019oppos\u00e9 de cette large adh\u00e9sion au mot d\u2019ordre de confinement de la population du chef lieu de wilaya, les autres communes de Blida, dont celles mitoyennes au chef lieu, semblent peu concern\u00e9es par les appels r\u00e9it\u00e9r\u00e9s \u00e0 longueur d\u2019heures et de journ\u00e9es (\u00e7a fait presque trois semaines), pour rester chez soi.<\/p>\n<p>Ni les pri\u00e8res des imams, amplifi\u00e9es par les hauts parleurs des mosqu\u00e9es, ni les supplications des services de s\u00e9curit\u00e9 sillonnant r\u00e9guli\u00e8rement rues et art\u00e8res pour inciter les gens \u00e0 rester cher eux, pour se prot\u00e9ger du virus, ne semblent avoir de mise sur les citoyens d\u2019une grande majorit\u00e9 des communes, qui continuent \u00e0 vaquer \u00e0 leurs occupations comme si de rien n\u2019\u00e9tait.<\/p>\n<p>Exception faite des commerces et caf\u00e9s ferm\u00e9s, les citoyens de ces communes, \u00e0 l\u2019instar de Bou\u00e0rfa (ouest de Blida), continuent \u00e0 se regrouper dans leurs quartiers respectifs, faisant fi de toutes les instructions\u00a0pr\u00e9ventives et gestes barri\u00e8res pr\u00e9conis\u00e9s pour faire face au Covid-19.<\/p>\n<blockquote readability=\"14\">\n<p><em><strong>\u00ab\u00a0Pour une majorit\u00e9 de nous, il est impossible de rester confin\u00e9 \u00e0 la maison, toute la journ\u00e9e, quand on sait que la plupart habitent dans des trois pi\u00e8ces exigus\u00a0\u00bb, a indiqu\u00e9 \u00e0 l\u2019APS, un habitant de cette commune, dont l\u2019une des familles a perdu quatre membres, \u00e0 cause de ce virus.<\/strong><\/em><\/p>\n<\/blockquote>\n<p>Pour ce citoyen, le \u00ab\u00a0respect du confinement constat\u00e9 au centre ville de Blida, est le r\u00e9sultat des mesures drastiques prises par les services de s\u00e9curit\u00e9, qui ont ferm\u00e9 toutes les voies et acc\u00e8s entre les rues, tout en intensifiant les patrouilles de contr\u00f4le\u00a0\u00bb. \u00ab\u00a0Ce n\u2019est nullement l\u2019expression d\u2019une quelconque prise de conscience chez la population\u00a0\u00bb, a-t-il estim\u00e9.<\/p>\n<p>Lui emboitant le pas, un jeune (la trentaine) a exprim\u00e9 son m\u00e9contentement \u00e0 l\u2019\u00e9gard de cette d\u00e9cision de confinement, qui selon lui, a caus\u00e9 la perte de son gagne pain. Il a n\u00e9anmoins affirm\u00e9 son application des gestes barri\u00e8res et de pr\u00e9vention contre ce virus.<\/p>\n<p>M\u00eame constat dans la commune de Boufarik, abritant l&rsquo;h\u00f4pital o\u00f9 s\u00e9journent un nombre consid\u00e9rable de malades du Covid-19. Les citoyens de la localit\u00e9 semblent pourtant inconscients des dangers et risques encourus par cette pand\u00e9mie, au m\u00eame titre que leurs concitoyens de Bouguerra, dont le P\/APC a\u00a0\u00e9t\u00e9 contraint de menacer la population de recourir \u00e0 la force publique pour les obliger \u00e0 rester chez eux, suite \u00e0 l\u2019\u00e9chec de toutes les campagnes de sensibilisation sur le danger de cette \u00e9pid\u00e9mie.<\/p>\n<p><span class=\"c30\"><strong>\u00a0&#8212; Des mesures r\u00e9pressives \u00e0 l\u2019encontre des contrevenants&#8212;<\/strong><\/span><\/p>\n<p>Cette inconscience de certains face au danger du coronavirus, en d\u00e9pit des efforts de sensibilisation consentis tant par les organismes publics que par la soci\u00e9t\u00e9 civile, pour les convaincre des bienfaits du confinement, a contraint les services de s\u00e9curit\u00e9 \u00e0 adopter des mesures r\u00e9pressives.<\/p>\n<p>Selon un bilan communiqu\u00e9 par les services de la s\u00fbret\u00e9 de wilaya de Blida, quelque 1.978 personnes ont \u00e9t\u00e9 arr\u00eat\u00e9es, pour infraction \u00e0 la d\u00e9cision de confinement total, impos\u00e9e \u00e0 la wilaya depuis le 24 mars\u00a0dernier. Ces personnes ont fait l\u2019objet de P.V transmis \u00e0 la justice, avant leur remise en libert\u00e9s, parall\u00e8lement \u00e0 la mise \u00e0 la fourri\u00e8re de 811 v\u00e9hicules et 307 motos, a-t-on pr\u00e9cis\u00e9 de m\u00eame source.<\/p>\n<blockquote readability=\"14\">\n<p><em><strong>Par ailleurs, le lieutenant Mohamed Chalali, de la cellule de communication et de presse de la suret\u00e9 de wilaya, a particuli\u00e8rement d\u00e9plor\u00e9 le fait que certains citoyens permettent \u00e0 leur enfants de sortir\u00a0dans la rue, \u00ab\u00a0en d\u00e9pit des mises en garde des sp\u00e9cialistes, qui estiment que ceci constitue un risque pour leurs vie et celles des leurs\u00a0\u00bb, a-t-il indiqu\u00e9.<\/strong><\/em><\/p>\n<\/blockquote>\n<p>Affirmant que la Loi sera appliqu\u00e9e \u00e0 l\u2019encontre des contrevenants, il a lanc\u00e9 un appel \u00e0 tout un chacun en vue de contribuer dans la lutte contre cette pand\u00e9mie, en restant chez soi.<\/p>\n<p>Pour sa part, la responsable de la cellule d\u2019information et d\u2019orientation du groupement de la gendarmerie nationale, le lieutenant Amel Mezhoud a signal\u00e9 la mise \u00e0 disposition des citoyens, du num\u00e9ro vert\u00a0\u00bb1055 \u00a0\u00bb pour, a-t-elle dit \u00ab\u00a0d\u00e9noncer tout contrevenant au confinement, car ils risquent leur vie et celle des autres\u00a0\u00bb.<\/p>\n<p><em><strong>Toujours est-il que le volet r\u00e9pressif est le recours ultime pour contraindre les personnes inconscientes au respect du confinement sanitaire, apr\u00e8s la r\u00e9ussite des campagnes de sensibilisation, ayant impliqu\u00e9 associations de tous bords, r\u00e9seaux sociaux et organismes publics, \u00e0 convaincre un grand nombre de citoyens de rester chez eux pour \u00e9viter un risque de contamination par le Covid-19.<\/strong><\/em><\/p>\n<\/div>\n<p>Auteur:<br \/>\n<a href=\"http:\/\/www.aps.dz\/regions\/104052-20-jours-de-confinement-a-blida-large-adhesion-au-chef-lieu-et-proportionnel-dans-d-autres-communes\">Cliquez ici pour lire l&rsquo;article depuis sa source.<\/a><\/p>\n","protected":false},"excerpt":{"rendered":"<p>BLIDA &#8211; La d\u00e9cision de confinements total, impos\u00e9e depuis plus de 20 jours \u00e0 la wilaya de Blida, pour mettre un frein \u00e0 la propagation du nouveau coronavirus (Covid-19), b\u00e9n\u00e9ficie d\u2019une large\u00a0adh\u00e9sion des citoyens du centre ville de Blida, au moment o\u00f9 elle est relativement suivie dans les autres communes de la wilaya, en d\u00e9pit [&hellip;]<\/p>\n","protected":false},"author":1790,"featured_media":0,"comment_status":"closed","ping_status":"closed","sticky":false,"template":"","format":"standard","meta":{"fifu_image_url":"","fifu_image_alt":"","footnotes":""},"categories":[53,76],"tags":[],"class_list":["post-82474","post","type-post","status-publish","format-standard","hentry","category-algerie","category-regions"],"_links":{"self":[{"href":"https:\/\/linitiative.ca\/International\/wp-json\/wp\/v2\/posts\/82474","targetHints":{"allow":["GET"]}}],"collection":[{"href":"https:\/\/linitiative.ca\/International\/wp-json\/wp\/v2\/posts"}],"about":[{"href":"https:\/\/linitiative.ca\/International\/wp-json\/wp\/v2\/types\/post"}],"author":[{"embeddable":true,"href":"https:\/\/linitiative.ca\/International\/wp-json\/wp\/v2\/users\/1790"}],"replies":[{"embeddable":true,"href":"https:\/\/linitiative.ca\/International\/wp-json\/wp\/v2\/comments?post=82474"}],"version-history":[{"count":0,"href":"https:\/\/linitiative.ca\/International\/wp-json\/wp\/v2\/posts\/82474\/revisions"}],"wp:attachment":[{"href":"https:\/\/linitiative.ca\/International\/wp-json\/wp\/v2\/media?parent=82474"}],"wp:term":[{"taxonomy":"category","embeddable":true,"href":"https:\/\/linitiative.ca\/International\/wp-json\/wp\/v2\/categories?post=82474"},{"taxonomy":"post_tag","embeddable":true,"href":"https:\/\/linitiative.ca\/International\/wp-json\/wp\/v2\/tags?post=82474"}],"curies":[{"name":"wp","href":"https:\/\/api.w.org\/{rel}","templated":true}]}}