{"id":82475,"date":"2020-04-15T09:37:36","date_gmt":"2020-04-15T13:37:36","guid":{"rendered":"https:\/\/linitiative.ca\/International\/bechar-covid-19-le-personnel-medical-et-paramedical-soignant-pris-en-charge-a-lhotel-antar\/"},"modified":"2020-04-15T09:37:36","modified_gmt":"2020-04-15T13:37:36","slug":"bechar-covid-19-le-personnel-medical-et-paramedical-soignant-pris-en-charge-a-lhotel-antar","status":"publish","type":"post","link":"https:\/\/linitiative.ca\/International\/bechar-covid-19-le-personnel-medical-et-paramedical-soignant-pris-en-charge-a-lhotel-antar\/","title":{"rendered":"Bechar\/ Covid-19: le personnel m\u00e9dical et param\u00e9dical soignant pris en charge \u00e0 l\u2019h\u00f4tel Antar"},"content":{"rendered":"<p><span class=\"sp-nh-title\">Covid-19\/culture: un sommet en ligne des ministres de la Culture le 22 avril<\/span> &#8211; <span class=\"sp-nh-date\">mercredi 15 avril 2020 18:13<\/span><\/p>\n<p><span class=\"sp-nh-title\">Projet Ikram el Ahiba pour faciliter les fun\u00e9railles des personnes victimes de Covid-19<\/span> &#8211; <span class=\"sp-nh-date\">mercredi 15 avril 2020 18:03<\/span><\/p>\n<p><span class=\"sp-nh-title\">ONU: \u00e0 l\u2019initiative de l\u2019Alg\u00e9rie, le groupe africain de New York appelle \u00e0 la solidarit\u00e9 internationale face au COVID-19<\/span> &#8211; <span class=\"sp-nh-date\">mercredi 15 avril 2020 17:45<\/span><\/p>\n<p><span class=\"sp-nh-title\">Transport maritime: la crise sanitaire entra\u00eene une perte de 50 % du chiffre d\u2019affaires du groupe GATMA<\/span> &#8211; <span class=\"sp-nh-date\">mercredi 15 avril 2020 17:11<\/span><\/p>\n<p><span class=\"sp-nh-title\">Coronavirus : 90 nouveaux cas confirm\u00e9s et 10 nouveaux d\u00e9c\u00e8s en Alg\u00e9rie<\/span> &#8211; <span class=\"sp-nh-date\">mercredi 15 avril 2020 17:05<\/span><\/p>\n<p><span class=\"sp-nh-title\">Coronavirus : Sa\u00efdal apporte sa contribution pour lutter contre la pand\u00e9mie<\/span> &#8211; <span class=\"sp-nh-date\">mercredi 15 avril 2020 17:03<\/span><\/p>\n<p><span class=\"sp-nh-title\">Adrar\/Covid-19: pr\u00e8s de 10000 bavettes de protection \u00e0 produire par les artisans<\/span> &#8211; <span class=\"sp-nh-date\">mercredi 15 avril 2020 16:44<\/span><\/p>\n<p><span class=\"sp-nh-title\">Destruction de 2 cachettes contenant 54 kilogrammes de TNT \u00e0 Tizi Ouzou<\/span> &#8211; <span class=\"sp-nh-date\">mercredi 15 avril 2020 16:36<\/span><\/p>\n<p><span class=\"sp-nh-title\">Aides- coronavirus : la Croix rouge italienne salue le geste de solidarit\u00e9 de l\u2019Alg\u00e9rie \u00a0<\/span> &#8211; <span class=\"sp-nh-date\">mercredi 15 avril 2020 16:26<\/span><\/p>\n<p><span class=\"sp-nh-title\">Covid-19 : le RND salue la mobilisation de l\u2019Etat contre la pand\u00e9mie<\/span> &#8211; <span class=\"sp-nh-date\">mercredi 15 avril 2020 16:23<\/span><\/p>\n<p><span class=\"sp-nh-title\">Port Djendjen: recul de 9 % des activit\u00e9s \u00e0 cause de la pand\u00e9mie du coronavirus<\/span> &#8211; <span class=\"sp-nh-date\">mercredi 15 avril 2020 16:14<\/span><\/p>\n<p><span class=\"sp-nh-title\">Covid 19 : l&rsquo;Alg\u00e9rie re\u00e7oit un autre don m\u00e9dical de la Chine<\/span> &#8211; <span class=\"sp-nh-date\">mercredi 15 avril 2020 15:31<\/span><\/p>\n<p><span class=\"sp-nh-title\">L&rsquo;Afrique, moins impact\u00e9 par le Covid-19, continue son combat contre la pand\u00e9mie<\/span> &#8211; <span class=\"sp-nh-date\">mercredi 15 avril 2020 15:21<\/span><\/p>\n<p><span class=\"sp-nh-title\">Bechar\/ Covid-19: le personnel m\u00e9dical et param\u00e9dical soignant pris en charge \u00e0 l\u2019h\u00f4tel Antar<\/span> &#8211; <span class=\"sp-nh-date\">mercredi 15 avril 2020 14:37<\/span><\/p>\n<p><span class=\"sp-nh-title\">Prorogation du d\u00e9lai de versement des cotisations aupr\u00e8s de la s\u00e9curit\u00e9 sociale<\/span> &#8211; <span class=\"sp-nh-date\">mercredi 15 avril 2020 14:34<\/span><\/p>\n<p><span class=\"sp-nh-title\">Covid-19 : M. Mermouri participe \u00e0 une conf\u00e9rence virtuelle sur les politiques de relance du tourisme<\/span> &#8211; <span class=\"sp-nh-date\">mercredi 15 avril 2020 14:28<\/span><\/p>\n<p><span class=\"sp-nh-title\">Distribution de la publicit\u00e9 publique: assainir le secteur avant l\u2019application de la loi de l\u2019offre et la demande<\/span> &#8211; <span class=\"sp-nh-date\">mercredi 15 avril 2020 14:03<\/span><\/p>\n<p><span class=\"sp-nh-title\">Accidents de la route : 2 morts et 93 bless\u00e9s en 24 heures<\/span> &#8211; <span class=\"sp-nh-date\">mercredi 15 avril 2020 13:23<\/span><\/p>\n<p><span class=\"sp-nh-title\">Coronavirus\/Tennis: la Conf\u00e9d\u00e9ration africaine prolonge la suspension de ses comp\u00e9titions<\/span> &#8211; <span class=\"sp-nh-date\">mercredi 15 avril 2020 13:21<\/span><\/p>\n<p><span class=\"sp-nh-title\">ONIL: les stocks de poudre de lait suffisants jusqu&rsquo;en janvier 2021<\/span> &#8211; <span class=\"sp-nh-date\">mercredi 15 avril 2020 13:14<\/span><\/p>\n<p>Auteur:<br \/>\n<a href=\"http:\/\/www.aps.dz\/regions\/104060-bechar-covid-19-le-personnel-medical-et-paramedical-soignant-pris-en-charge-a-l-hotel-antar\">Cliquez ici pour lire l&rsquo;article depuis sa source.<\/a><\/p>\n","protected":false},"excerpt":{"rendered":"<p>Covid-19\/culture: un sommet en ligne des ministres de la Culture le 22 avril &#8211; mercredi 15 avril 2020 18:13 Projet Ikram el Ahiba pour faciliter les fun\u00e9railles des personnes victimes de Covid-19 &#8211; mercredi 15 avril 2020 18:03 ONU: \u00e0 l\u2019initiative de l\u2019Alg\u00e9rie, le groupe africain de New York appelle \u00e0 la solidarit\u00e9 internationale face [&hellip;]<\/p>\n","protected":false},"author":1790,"featured_media":0,"comment_status":"closed","ping_status":"closed","sticky":false,"template":"","format":"standard","meta":{"fifu_image_url":"","fifu_image_alt":"","footnotes":""},"categories":[53,76],"tags":[],"class_list":["post-82475","post","type-post","status-publish","format-standard","hentry","category-algerie","category-regions"],"_links":{"self":[{"href":"https:\/\/linitiative.ca\/International\/wp-json\/wp\/v2\/posts\/82475","targetHints":{"allow":["GET"]}}],"collection":[{"href":"https:\/\/linitiative.ca\/International\/wp-json\/wp\/v2\/posts"}],"about":[{"href":"https:\/\/linitiative.ca\/International\/wp-json\/wp\/v2\/types\/post"}],"author":[{"embeddable":true,"href":"https:\/\/linitiative.ca\/International\/wp-json\/wp\/v2\/users\/1790"}],"replies":[{"embeddable":true,"href":"https:\/\/linitiative.ca\/International\/wp-json\/wp\/v2\/comments?post=82475"}],"version-history":[{"count":0,"href":"https:\/\/linitiative.ca\/International\/wp-json\/wp\/v2\/posts\/82475\/revisions"}],"wp:attachment":[{"href":"https:\/\/linitiative.ca\/International\/wp-json\/wp\/v2\/media?parent=82475"}],"wp:term":[{"taxonomy":"category","embeddable":true,"href":"https:\/\/linitiative.ca\/International\/wp-json\/wp\/v2\/categories?post=82475"},{"taxonomy":"post_tag","embeddable":true,"href":"https:\/\/linitiative.ca\/International\/wp-json\/wp\/v2\/tags?post=82475"}],"curies":[{"name":"wp","href":"https:\/\/api.w.org\/{rel}","templated":true}]}}