{"id":82477,"date":"2020-04-15T11:44:05","date_gmt":"2020-04-15T15:44:05","guid":{"rendered":"https:\/\/linitiative.ca\/International\/adrar-covid-19-pres-de-10000-bavettes-de-protection-a-produire-par-les-artisans\/"},"modified":"2020-04-15T11:44:05","modified_gmt":"2020-04-15T15:44:05","slug":"adrar-covid-19-pres-de-10000-bavettes-de-protection-a-produire-par-les-artisans","status":"publish","type":"post","link":"https:\/\/linitiative.ca\/International\/adrar-covid-19-pres-de-10000-bavettes-de-protection-a-produire-par-les-artisans\/","title":{"rendered":"Adrar\/Covid-19: pr\u00e8s de 10000 bavettes de protection \u00e0 produire par les artisans"},"content":{"rendered":"<div readability=\"37\">\n<p><strong>ADRAR- Des femmes artisanes de la wilaya d\u2019Adrar se sont lanc\u00e9es mercredi, b\u00e9n\u00e9volement, dans la production d\u2019un lot de pr\u00e8s de 10.000 bavettes de protection, dans le cadre de la lutte contre la pand\u00e9mie du nouveau coronavirus (Covid-19).<\/strong><\/p>\n<\/div>\n<div readability=\"73.5\">\n<p>Men\u00e9e \u00e0 l\u2019initiative de la Chambre de l\u2019artisanat et des m\u00e9tiers (CAM) de la wilaya au niveau de l\u2019\u00e9cole de la formation et de perfectionnement de la CAM, cette action vise \u00e0 doter divers corps, dont les services de la sant\u00e9, les \u00e9l\u00e9ments des corps constitu\u00e9s, police et protection civile, en bavettes, blouses et tenues de protection contre cette maladie virale, a indiqu\u00e9 le pr\u00e9sident de la CAM d &lsquo;Adrar, Abderrahmane Moussaoui.<\/p>\n<blockquote readability=\"12\">\n<p><em><strong>Le responsable du bureau de la Chambre de l\u2019Artisanat, Abdallah Birama, a, de son cot\u00e9, lanc\u00e9 un appel \u00e0 tous les artisans de la wilaya \u00e0 s\u2019impliquer dans cet \u00e9lan de solidarit\u00e9 par l\u2019exploitation des activit\u00e9s des ateliers et des centres de l\u2019Artisanat pour la production de ces \u00e9quipements de pr\u00e9vention.<\/strong><\/em><\/p>\n<\/blockquote>\n<p>Les artisanes b\u00e9n\u00e9voles se sont d\u00e9clar\u00e9es \u00ab\u00a0fi\u00e8res\u00a0\u00bb de contribuer \u00e0 cette \u00ab\u00a0noble action\u00a0\u00bb et \u00e0 la lutte contre la propagation de la pand\u00e9mie de Covid-19.<\/p>\n<blockquote readability=\"8\">\n<p><em><strong>L\u2019initiative d\u2019accompagnement des efforts de lutte contre le nouveau coronavirus a \u00e9t\u00e9 salu\u00e9e par les responsables des assembl\u00e9es populaires des communes (APC) de la wilaya d\u2019Adrar, des centres de la formation professionnelle et de la Direction du Tourisme et de l\u2019Artisanat.<\/strong><\/em><\/p>\n<\/blockquote>\n<p>Abondant dans le m\u00eame sens, la Direction du Tourisme et de l\u2019Artisanat d\u2019Adrar a fait part de la disposition de ses services \u00e0 accorder tout le soutien et l\u2019accompagnement voulus aux artisans, en mettant \u00e0 leur disposition la mati\u00e8re premi\u00e8re en quantit\u00e9s suffisantes, en vue de r\u00e9pondre \u00e0 l\u2019appel du pays en cette conjoncture exceptionnelle.<\/p>\n<blockquote readability=\"10\">\n<p><em><strong>D\u2019autres actions de pr\u00e9vention et de lutte contre le Covid-19 se poursuivent en parall\u00e8le, \u00e0 travers notamment les actions de sensibilisation, men\u00e9es en coordination avec diff\u00e9rentes institutions officielles et acteurs sociaux, contre la propagation de cette maladie virale.<\/strong><\/em><\/p>\n<\/blockquote>\n<p>L\u2019on rel\u00e8ve, dans ce cadre, l\u2019organisation par le bureau de l\u2019Union nationale des comp\u00e9tences et cadres de la wilaya d\u2019Adrar et du bureau du syndicat de l\u2019enseignement sup\u00e9rieur, en coordination avec les services de la Gendarmerie nationale, des campagnes de d\u00e9sinfection et de sensibilisation \u00e0 travers diff\u00e9rents points et structures publiques de la wilaya.<\/p>\n<\/div>\n<p>Auteur:<br \/>\n<a href=\"http:\/\/www.aps.dz\/regions\/104069-adrar-covid-19-pres-de-10000-bavettes-de-protection-a-produire-par-les-artisans\">Cliquez ici pour lire l&rsquo;article depuis sa source.<\/a><\/p>\n","protected":false},"excerpt":{"rendered":"<p>ADRAR- Des femmes artisanes de la wilaya d\u2019Adrar se sont lanc\u00e9es mercredi, b\u00e9n\u00e9volement, dans la production d\u2019un lot de pr\u00e8s de 10.000 bavettes de protection, dans le cadre de la lutte contre la pand\u00e9mie du nouveau coronavirus (Covid-19). Men\u00e9e \u00e0 l\u2019initiative de la Chambre de l\u2019artisanat et des m\u00e9tiers (CAM) de la wilaya au niveau [&hellip;]<\/p>\n","protected":false},"author":1790,"featured_media":0,"comment_status":"closed","ping_status":"closed","sticky":false,"template":"","format":"standard","meta":{"fifu_image_url":"","fifu_image_alt":"","footnotes":""},"categories":[53,76],"tags":[],"class_list":["post-82477","post","type-post","status-publish","format-standard","hentry","category-algerie","category-regions"],"_links":{"self":[{"href":"https:\/\/linitiative.ca\/International\/wp-json\/wp\/v2\/posts\/82477","targetHints":{"allow":["GET"]}}],"collection":[{"href":"https:\/\/linitiative.ca\/International\/wp-json\/wp\/v2\/posts"}],"about":[{"href":"https:\/\/linitiative.ca\/International\/wp-json\/wp\/v2\/types\/post"}],"author":[{"embeddable":true,"href":"https:\/\/linitiative.ca\/International\/wp-json\/wp\/v2\/users\/1790"}],"replies":[{"embeddable":true,"href":"https:\/\/linitiative.ca\/International\/wp-json\/wp\/v2\/comments?post=82477"}],"version-history":[{"count":0,"href":"https:\/\/linitiative.ca\/International\/wp-json\/wp\/v2\/posts\/82477\/revisions"}],"wp:attachment":[{"href":"https:\/\/linitiative.ca\/International\/wp-json\/wp\/v2\/media?parent=82477"}],"wp:term":[{"taxonomy":"category","embeddable":true,"href":"https:\/\/linitiative.ca\/International\/wp-json\/wp\/v2\/categories?post=82477"},{"taxonomy":"post_tag","embeddable":true,"href":"https:\/\/linitiative.ca\/International\/wp-json\/wp\/v2\/tags?post=82477"}],"curies":[{"name":"wp","href":"https:\/\/api.w.org\/{rel}","templated":true}]}}