{"id":82478,"date":"2020-04-15T13:03:20","date_gmt":"2020-04-15T17:03:20","guid":{"rendered":"https:\/\/linitiative.ca\/International\/projet-ikram-el-ahiba-pour-faciliter-les-funerailles-des-personnes-victimes-de-covid-19\/"},"modified":"2020-04-15T13:03:20","modified_gmt":"2020-04-15T17:03:20","slug":"projet-ikram-el-ahiba-pour-faciliter-les-funerailles-des-personnes-victimes-de-covid-19","status":"publish","type":"post","link":"https:\/\/linitiative.ca\/International\/projet-ikram-el-ahiba-pour-faciliter-les-funerailles-des-personnes-victimes-de-covid-19\/","title":{"rendered":"Projet \u00ab\u00a0Ikram el Ahiba\u00a0\u00bb pour faciliter les fun\u00e9railles des personnes victimes de Covid-19"},"content":{"rendered":"<div readability=\"40\">\n<p><strong>ALGER- La coordination des b\u00e9n\u00e9voles \u2019Alger a lanc\u00e9 le projet \u00ab\u00a0Ikram el Ahiba\u00a0\u00bb visant \u00e0 assurer le transport fun\u00e9raire des personnes d\u00e9c\u00e9d\u00e9es du nouveau coronavirus de l\u2019h\u00f4pital vers le cimeti\u00e8re, \u00e0 travers l\u2019ensemble du territoire national en vue d&rsquo;aider et d&rsquo;att\u00e9nuer la douleur des familles endeuill\u00e9es, a indiqu\u00e9, mercredi, un membre de la coordination, A\u00efnouche Hamza.<\/strong><\/p>\n<\/div>\n<div readability=\"96\">\n<p>Cette initiative intervient dans le prolongement d\u2019une s\u00e9rie d\u2019initiatives, lanc\u00e9es par les Associations de wilaya activant sous la banni\u00e8re de la Coordination, depuis l\u2019apparition du Covid-19 en Alg\u00e9rie, a affirm\u00e9 M. A\u00efnouche \u00e9galement pr\u00e9sident du bureau d\u2019Alger de l\u2019Association \u00ab\u00a0Asaa lel khir\u00a0\u00bb.<\/p>\n<p>Ledit projet consiste \u00e0 trouver des v\u00e9hicules pour assurer le transport fun\u00e9raire des victimes du nouveau coronavirus, ainsi qu&rsquo;\u00e0 accompagner et aider leurs familles \u00e0 surmonter cette \u00e9preuve, en leur fournissant un cercueil, achet\u00e9 en collaboration avec les services de wilaya comp\u00e9tents, a-t-il soulign\u00e9.<\/p>\n<p>Pour b\u00e9n\u00e9ficier de ce service, la coordination a lanc\u00e9 cette semaine un formulaire \u00e9lectronique destin\u00e9 aux transporteurs et chauffeurs en vue de constituer un r\u00e9seau de transport durant cette p\u00e9riode, a-t-il poursuivi, ajoutant que tout le mat\u00e9riel de protection n\u00e9cessaire (tenues et combinaisons de protection, masques, lunettes, spray et solutions de d\u00e9sinfection) sont fournis par les membres du projet. \u00ab\u00a0Le respect des conditions et mesures de protection constitue une priorit\u00e9 absolue pendant toute la dur\u00e9e du projet\u00a0\u00bb, a-t-il soutenu.<\/p>\n<p>Par ailleurs, M. Ainouche a affirm\u00e9 que ce collectif assurait la coordination avec l&rsquo;ensemble des services concern\u00e9s par les mesures relatives aux obs\u00e8ques et \u00e0 l&rsquo;enterrement, sachant que les transporteurs et chauffeurs se chargent uniquement du transport, rappelant le lien pour le t\u00e9l\u00e9chargement du formulaire:<\/p>\n<p>https:\/\/docs.google.com\/forms\/d\/e\/1FAIpQLSdQEvk7FCLxeLZMIuBIDzg48pUD4fOYyhBVfkXFZnjtecYnUg\/viewform.<\/p>\n<p>La coordination des b\u00e9n\u00e9voles d&rsquo;Alger compte sept (07) associations actives au niveau de la capitale, en sus d&rsquo;encadreurs du corps m\u00e9dical dont des m\u00e9decins et des infirmiers repartis en groupes de travail.<\/p>\n<p>Ces associations ont pu fabriquer plus de 18.000 bavettes, 15.000 combinaisons et 2000 masques de protection durant ces dix (10) derniers jours, et les distribuer \u00e0 nombre de structures hospitali\u00e8res \u00e0 Alger.<\/p>\n<p>Cinq (05) ateliers de couture sis \u00e0 Alger ont particip\u00e9 \u00e0 la confection de ces \u00e9quipements, outre d&rsquo;autres ateliers \u00e0 M&rsquo;sila et Tiaret.<\/p>\n<p>De son c\u00f4t\u00e9, l&rsquo;association \u00ab\u00a0Asaa Lel khir\u00a0\u00bb poursuit son action b\u00e9n\u00e9vole pour aider et assister les familles n\u00e9cessiteuses, en coordination avec les services de la wilaya d&rsquo;Alger et plusieurs communes. L&rsquo;association a distribu\u00e9 300 couffins dans la commune de la Casbah, 200 couffins \u00e0 Bab El Oued, \u00e0 Dou\u00e9ra et aux Eucalyptus et 150 couffins \u00e0 Oued Korich et Ain Benian. L&rsquo;op\u00e9ration touchera \u00e9galement Birtouta, Rouiba, Kouba et Bordj El Kiffan.<\/p>\n<\/div>\n<p>Auteur:<br \/>\n<a href=\"http:\/\/www.aps.dz\/regions\/104074-projet-ikram-el-ahiba-pour-faciliter-les-funerailles-des-personnes-victimes-de-covid-19\">Cliquez ici pour lire l&rsquo;article depuis sa source.<\/a><\/p>\n","protected":false},"excerpt":{"rendered":"<p>ALGER- La coordination des b\u00e9n\u00e9voles \u2019Alger a lanc\u00e9 le projet \u00ab\u00a0Ikram el Ahiba\u00a0\u00bb visant \u00e0 assurer le transport fun\u00e9raire des personnes d\u00e9c\u00e9d\u00e9es du nouveau coronavirus de l\u2019h\u00f4pital vers le cimeti\u00e8re, \u00e0 travers l\u2019ensemble du territoire national en vue d&rsquo;aider et d&rsquo;att\u00e9nuer la douleur des familles endeuill\u00e9es, a indiqu\u00e9, mercredi, un membre de la coordination, A\u00efnouche [&hellip;]<\/p>\n","protected":false},"author":1790,"featured_media":0,"comment_status":"closed","ping_status":"closed","sticky":false,"template":"","format":"standard","meta":{"fifu_image_url":"","fifu_image_alt":"","footnotes":""},"categories":[53,76],"tags":[],"class_list":["post-82478","post","type-post","status-publish","format-standard","hentry","category-algerie","category-regions"],"_links":{"self":[{"href":"https:\/\/linitiative.ca\/International\/wp-json\/wp\/v2\/posts\/82478","targetHints":{"allow":["GET"]}}],"collection":[{"href":"https:\/\/linitiative.ca\/International\/wp-json\/wp\/v2\/posts"}],"about":[{"href":"https:\/\/linitiative.ca\/International\/wp-json\/wp\/v2\/types\/post"}],"author":[{"embeddable":true,"href":"https:\/\/linitiative.ca\/International\/wp-json\/wp\/v2\/users\/1790"}],"replies":[{"embeddable":true,"href":"https:\/\/linitiative.ca\/International\/wp-json\/wp\/v2\/comments?post=82478"}],"version-history":[{"count":0,"href":"https:\/\/linitiative.ca\/International\/wp-json\/wp\/v2\/posts\/82478\/revisions"}],"wp:attachment":[{"href":"https:\/\/linitiative.ca\/International\/wp-json\/wp\/v2\/media?parent=82478"}],"wp:term":[{"taxonomy":"category","embeddable":true,"href":"https:\/\/linitiative.ca\/International\/wp-json\/wp\/v2\/categories?post=82478"},{"taxonomy":"post_tag","embeddable":true,"href":"https:\/\/linitiative.ca\/International\/wp-json\/wp\/v2\/tags?post=82478"}],"curies":[{"name":"wp","href":"https:\/\/api.w.org\/{rel}","templated":true}]}}