{"id":82479,"date":"2020-04-15T13:27:36","date_gmt":"2020-04-15T17:27:36","guid":{"rendered":"https:\/\/linitiative.ca\/International\/covid-19-trois-nouvelles-guerisons-au-chu-doujda\/"},"modified":"2020-04-15T13:27:36","modified_gmt":"2020-04-15T17:27:36","slug":"covid-19-trois-nouvelles-guerisons-au-chu-doujda","status":"publish","type":"post","link":"https:\/\/linitiative.ca\/International\/covid-19-trois-nouvelles-guerisons-au-chu-doujda\/","title":{"rendered":"Covid-19 : Trois nouvelles gu\u00e9risons au CHU d\u2019Oujda"},"content":{"rendered":"<div class=\"single-featured\"><img alt=\"\" data-src=\"http:\/\/www.mapoujda.ma\/map\/uploads\/2019\/04\/CHU-Mohammed-VI-dOujda.jpg\"\/><\/div>\n<div class=\"entry-content clearfix single-post-content\" readability=\"51\">\n<p class=\"c4\">Trois patients compl\u00e8tements gu\u00e9ris du nouveau coronavirus (Covid-19) ont quitt\u00e9 ces trois derniers jours le Centre hospitalier universitaire (CHU) Mohammed VI d\u2019Oujda.<\/p>\n<p class=\"c4\">Les tests m\u00e9dicaux et cliniques ont confirm\u00e9 le r\u00e9tablissement total des trois patients qui ont \u00e9t\u00e9 autoris\u00e9s \u00e0 rentrer chez eux, indique un communiqu\u00e9 du CHU.<\/p>\n<p class=\"c4\">Ces nouvelles gu\u00e9risons du coronavirus portent \u00e0 cinq le total des patients ayant quitt\u00e9 le CHU apr\u00e8s la confirmation de leur r\u00e9mission totale, pr\u00e9cise la m\u00eame source.<\/p>\n<p class=\"c4\">Et de souligner que le personnel du Centre hospitalier universitaire Mohammed VI poursuit la conjugaison des efforts pour une meilleure prise en charge des personnes confirm\u00e9es positives au coronavirus, et ce en parall\u00e8le avec les efforts d\u00e9ploy\u00e9s par les diff\u00e9rentes autorit\u00e9s pour endiguer cette \u00e9pid\u00e9mie.<\/p>\n<p class=\"c4\">Le communiqu\u00e9 r\u00e9it\u00e8re par ailleurs l\u2019appel aux citoyens \u00e0 respecter les r\u00e8gles du confinement sanitaire obligatoire afin de contribuer \u00e0 la pleine r\u00e9ussite des efforts men\u00e9s \u00e0 tous les niveaux.<\/p>\n<\/div>\n<p>Auteur: Soufiane ELAHMAR<br \/>\n<a href=\"http:\/\/www.mapoujda.ma\/fr\/covid-19-trois-nouvelles-guerisons-au-chu-doujda\/\">Cliquez ici pour lire l&rsquo;article depuis sa source.<\/a><\/p>\n","protected":false},"excerpt":{"rendered":"<p>Trois patients compl\u00e8tements gu\u00e9ris du nouveau coronavirus (Covid-19) ont quitt\u00e9 ces trois derniers jours le Centre hospitalier universitaire (CHU) Mohammed VI d\u2019Oujda. Les tests m\u00e9dicaux et cliniques ont confirm\u00e9 le r\u00e9tablissement total des trois patients qui ont \u00e9t\u00e9 autoris\u00e9s \u00e0 rentrer chez eux, indique un communiqu\u00e9 du CHU. Ces nouvelles gu\u00e9risons du coronavirus portent \u00e0 [&hellip;]<\/p>\n","protected":false},"author":1788,"featured_media":0,"comment_status":"closed","ping_status":"closed","sticky":false,"template":"","format":"standard","meta":{"fifu_image_url":"","fifu_image_alt":"","footnotes":""},"categories":[54,76],"tags":[],"class_list":["post-82479","post","type-post","status-publish","format-standard","hentry","category-maroc","category-regions"],"_links":{"self":[{"href":"https:\/\/linitiative.ca\/International\/wp-json\/wp\/v2\/posts\/82479","targetHints":{"allow":["GET"]}}],"collection":[{"href":"https:\/\/linitiative.ca\/International\/wp-json\/wp\/v2\/posts"}],"about":[{"href":"https:\/\/linitiative.ca\/International\/wp-json\/wp\/v2\/types\/post"}],"author":[{"embeddable":true,"href":"https:\/\/linitiative.ca\/International\/wp-json\/wp\/v2\/users\/1788"}],"replies":[{"embeddable":true,"href":"https:\/\/linitiative.ca\/International\/wp-json\/wp\/v2\/comments?post=82479"}],"version-history":[{"count":0,"href":"https:\/\/linitiative.ca\/International\/wp-json\/wp\/v2\/posts\/82479\/revisions"}],"wp:attachment":[{"href":"https:\/\/linitiative.ca\/International\/wp-json\/wp\/v2\/media?parent=82479"}],"wp:term":[{"taxonomy":"category","embeddable":true,"href":"https:\/\/linitiative.ca\/International\/wp-json\/wp\/v2\/categories?post=82479"},{"taxonomy":"post_tag","embeddable":true,"href":"https:\/\/linitiative.ca\/International\/wp-json\/wp\/v2\/tags?post=82479"}],"curies":[{"name":"wp","href":"https:\/\/api.w.org\/{rel}","templated":true}]}}