{"id":82481,"date":"2020-04-15T13:04:15","date_gmt":"2020-04-15T17:04:15","guid":{"rendered":"https:\/\/linitiative.ca\/International\/teletravail-un-guide-pour-les-administrations-publiques\/"},"modified":"2020-04-15T13:04:15","modified_gmt":"2020-04-15T17:04:15","slug":"teletravail-un-guide-pour-les-administrations-publiques","status":"publish","type":"post","link":"https:\/\/linitiative.ca\/International\/teletravail-un-guide-pour-les-administrations-publiques\/","title":{"rendered":"T\u00e9l\u00e9travail: Un guide pour les administrations publiques"},"content":{"rendered":"<div class=\"author\" readability=\"5.69491525424\">Par <a href=\"\/content\/ahlam-nazih\"> Ahlam NAZIH<\/a> <a href=\"\/node\/\"> <\/a> | Edition N\u00b0:5742 Le 16\/04\/2020 | Partager <\/div>\n<div class=\"body\">\n<div class=\"field field-name-body field-type-text-with-summary field-label-hidden\">\n<div class=\"field-items\" readability=\"7\">\n<div class=\"field-item even\" property=\"content:encoded\" readability=\"9\">\n<p class=\"rtejustify\">Le minist\u00e8re des Finances vient d\u2019\u00e9diter un guide pour le t\u00e9l\u00e9travail dans les administrations publiques. L\u2019objectif est de garantir la continuit\u00e9 des op\u00e9rations \u00e0 distance tout en assurant la s\u00e9curit\u00e9 des donn\u00e9es.<\/p>\n<p class=\"rtejustify\"><em>A. Na<\/em><\/p>\n<\/div>\n<\/div>\n<\/div>\n<\/div>\n<div class=\"eco-conseil\">\n<div class=\"view view-eco-conseil-16 view-id-eco_conseil_16 view-display-id-cookies view-dom-id-68c0349ca6721ddb65b07f0a1f5f6c6e\">\n<div class=\"view-content\">\n<div id=\"views-bootstrap-grid-1\" class=\"views-bootstrap-grid-plugin-style\">\n<div class=\"row\">\n<div class=\" col-xs-12 col-lg-4\">\n<div class=\"row\">\n<div class=\"col col-xs-12 col-lg-12\">\n<div class=\"field-content\"><a href=\"\/article\/1060585-ram-pourquoi-les-reservations-en-ligne-reprennent\"><img loading=\"lazy\" decoding=\"async\" class=\"img-responsive\" typeof=\"foaf:Image\" src=\"https:\/\/www.leconomiste.com\/sites\/default\/files\/eco7\/public\/styles\/800x400\/public\/default_images\/default_une.jpg?itok=4jZlgnIZ\" width=\"660\" height=\"330\" alt=\"\"\/><\/a><\/div>\n<\/div>\n<div class=\" title_suite_2 col col-xs-12 col-lg-12\"> <a href=\"\/article\/1060585-ram-pourquoi-les-reservations-en-ligne-reprennent\"\/><span class=\"field-content\">Article 1060585<\/span><\/div>\n<\/div>\n<\/div>\n<div class=\" col-xs-12 col-lg-4\">\n<div class=\"row\">\n<div class=\"col col-xs-12 col-lg-12\">\n<div class=\"field-content\"><a href=\"\/article\/1060584-marocains-bloques-l-etranger-la-commission-des-affaires-etrangeres-se-saisit-du\"><img loading=\"lazy\" decoding=\"async\" class=\"img-responsive\" typeof=\"foaf:Image\" src=\"https:\/\/www.leconomiste.com\/sites\/default\/files\/eco7\/public\/styles\/800x400\/public\/default_images\/default_une.jpg?itok=4jZlgnIZ\" width=\"660\" height=\"330\" alt=\"\"\/><\/a><\/div>\n<\/div>\n<div class=\" title_suite_2 col col-xs-12 col-lg-12\"> <a href=\"\/article\/1060584-marocains-bloques-l-etranger-la-commission-des-affaires-etrangeres-se-saisit-du\"\/><span class=\"field-content\">Marocains bloqu\u00e9s \u00e0 l&rsquo;\u00e9tranger: La Commission des Affaires \u00e9trang\u00e8res se saisit du dossier<\/span><\/div>\n<\/div>\n<\/div>\n<div class=\" col-xs-12 col-lg-4\">\n<div class=\"row\">\n<div class=\"col col-xs-12 col-lg-12\">\n<div class=\"field-content\"><a href=\"\/article\/1060582-teletravail-un-accompagnement-gratuit-pour-les-tpe\"><img loading=\"lazy\" decoding=\"async\" class=\"img-responsive\" typeof=\"foaf:Image\" src=\"https:\/\/www.leconomiste.com\/sites\/default\/files\/eco7\/public\/styles\/800x400\/public\/default_images\/default_une.jpg?itok=4jZlgnIZ\" width=\"660\" height=\"330\" alt=\"\"\/><\/a><\/div>\n<\/div>\n<div class=\" title_suite_2 col col-xs-12 col-lg-12\"> <a href=\"\/article\/1060582-teletravail-un-accompagnement-gratuit-pour-les-tpe\"\/><span class=\"field-content\">T\u00e9l\u00e9travail: Un accompagnement gratuit pour les TPE <\/span><\/div>\n<\/div>\n<\/div>\n<\/div>\n<\/div>\n<\/div>\n<\/div>\n<\/div>\n<p>Auteur: hlafriqi<br \/>\n<a href=\"https:\/\/www.leconomiste.com\/article\/1060581-teletravail-un-guide-pour-les-administrations-publiques\">Cliquez ici pour lire l&rsquo;article depuis sa source.<\/a><\/p>\n","protected":false},"excerpt":{"rendered":"<p>Par Ahlam NAZIH | Edition N\u00b0:5742 Le 16\/04\/2020 | Partager Le minist\u00e8re des Finances vient d\u2019\u00e9diter un guide pour le t\u00e9l\u00e9travail dans les administrations publiques. L\u2019objectif est de garantir la continuit\u00e9 des op\u00e9rations \u00e0 distance tout en assurant la s\u00e9curit\u00e9 des donn\u00e9es. A. Na Article 1060585 Marocains bloqu\u00e9s \u00e0 l&rsquo;\u00e9tranger: La Commission des Affaires \u00e9trang\u00e8res [&hellip;]<\/p>\n","protected":false},"author":1763,"featured_media":0,"comment_status":"closed","ping_status":"closed","sticky":false,"template":"","format":"standard","meta":{"fifu_image_url":"","fifu_image_alt":"","footnotes":""},"categories":[78,54],"tags":[],"class_list":["post-82481","post","type-post","status-publish","format-standard","hentry","category-economie","category-maroc"],"_links":{"self":[{"href":"https:\/\/linitiative.ca\/International\/wp-json\/wp\/v2\/posts\/82481","targetHints":{"allow":["GET"]}}],"collection":[{"href":"https:\/\/linitiative.ca\/International\/wp-json\/wp\/v2\/posts"}],"about":[{"href":"https:\/\/linitiative.ca\/International\/wp-json\/wp\/v2\/types\/post"}],"author":[{"embeddable":true,"href":"https:\/\/linitiative.ca\/International\/wp-json\/wp\/v2\/users\/1763"}],"replies":[{"embeddable":true,"href":"https:\/\/linitiative.ca\/International\/wp-json\/wp\/v2\/comments?post=82481"}],"version-history":[{"count":0,"href":"https:\/\/linitiative.ca\/International\/wp-json\/wp\/v2\/posts\/82481\/revisions"}],"wp:attachment":[{"href":"https:\/\/linitiative.ca\/International\/wp-json\/wp\/v2\/media?parent=82481"}],"wp:term":[{"taxonomy":"category","embeddable":true,"href":"https:\/\/linitiative.ca\/International\/wp-json\/wp\/v2\/categories?post=82481"},{"taxonomy":"post_tag","embeddable":true,"href":"https:\/\/linitiative.ca\/International\/wp-json\/wp\/v2\/tags?post=82481"}],"curies":[{"name":"wp","href":"https:\/\/api.w.org\/{rel}","templated":true}]}}