{"id":82483,"date":"2020-04-15T13:10:47","date_gmt":"2020-04-15T17:10:47","guid":{"rendered":"https:\/\/linitiative.ca\/International\/marocains-bloques-a-letranger-la-commission-des-affaires-etrangeres-se-saisit-du-dossier\/"},"modified":"2020-04-15T13:10:47","modified_gmt":"2020-04-15T17:10:47","slug":"marocains-bloques-a-letranger-la-commission-des-affaires-etrangeres-se-saisit-du-dossier","status":"publish","type":"post","link":"https:\/\/linitiative.ca\/International\/marocains-bloques-a-letranger-la-commission-des-affaires-etrangeres-se-saisit-du-dossier\/","title":{"rendered":"Marocains bloqu\u00e9s \u00e0 l&rsquo;\u00e9tranger: La Commission des Affaires \u00e9trang\u00e8res se saisit du dossier"},"content":{"rendered":"<div class=\"body\">\n<div class=\"field field-name-body field-type-text-with-summary field-label-hidden\">\n<div class=\"field-items\" readability=\"10.5\">\n<div class=\"field-item even\" property=\"content:encoded\" readability=\"16\">\n<p class=\"rtejustify\">Les membres de la Commission des Affaires \u00e9trang\u00e8res de la Chambre des repr\u00e9sentants a tenu, hier mercredi, une r\u00e9union pour examiner le dossier des Marocains bloqu\u00e9s \u00e0 l&rsquo;\u00e9tranger, suite \u00e0 la fermeture des fronti\u00e8res dans le cadre de l&rsquo;\u00e9tat d&rsquo;urgence sanitaire. Lors de cette r\u00e9union, les d\u00e9put\u00e9s ont interpell\u00e9 Nezha El Ouafi, ministre d\u00e9l\u00e9gu\u00e9 en charge des MRE, sur la situation pr\u00e9occupante de cette communaut\u00e9 de plus de 7.000 personnes.<\/p>\n<p class=\"rtejustify\"><em>M.A.M.<\/em><\/p>\n<\/div>\n<\/div>\n<\/div>\n<\/div>\n<div class=\"eco-conseil\">\n<div class=\"view view-eco-conseil-16 view-id-eco_conseil_16 view-display-id-cookies view-dom-id-ecc1e0b4c957b214e32336592c61f46a\">\n<div class=\"view-content\">\n<div id=\"views-bootstrap-grid-1\" class=\"views-bootstrap-grid-plugin-style\">\n<div class=\"row\">\n<div class=\" col-xs-12 col-lg-4\">\n<div class=\"row\">\n<div class=\"col col-xs-12 col-lg-12\">\n<div class=\"field-content\"><a href=\"\/article\/1060585-ram-pourquoi-les-reservations-en-ligne-reprennent\"><img loading=\"lazy\" decoding=\"async\" class=\"img-responsive\" typeof=\"foaf:Image\" src=\"https:\/\/www.leconomiste.com\/sites\/default\/files\/eco7\/public\/styles\/800x400\/public\/default_images\/default_une.jpg?itok=4jZlgnIZ\" width=\"660\" height=\"330\" alt=\"\"\/><\/a><\/div>\n<\/div>\n<div class=\" title_suite_2 col col-xs-12 col-lg-12\"> <a href=\"\/article\/1060585-ram-pourquoi-les-reservations-en-ligne-reprennent\"\/><span class=\"field-content\">Article 1060585<\/span><\/div>\n<\/div>\n<\/div>\n<div class=\" col-xs-12 col-lg-4\">\n<div class=\"row\">\n<div class=\"col col-xs-12 col-lg-12\">\n<div class=\"field-content\"><a href=\"\/article\/1060582-teletravail-un-accompagnement-gratuit-pour-les-tpe\"><img loading=\"lazy\" decoding=\"async\" class=\"img-responsive\" typeof=\"foaf:Image\" src=\"https:\/\/www.leconomiste.com\/sites\/default\/files\/eco7\/public\/styles\/800x400\/public\/default_images\/default_une.jpg?itok=4jZlgnIZ\" width=\"660\" height=\"330\" alt=\"\"\/><\/a><\/div>\n<\/div>\n<div class=\" title_suite_2 col col-xs-12 col-lg-12\"> <a href=\"\/article\/1060582-teletravail-un-accompagnement-gratuit-pour-les-tpe\"\/><span class=\"field-content\">T\u00e9l\u00e9travail: Un accompagnement gratuit pour les TPE <\/span><\/div>\n<\/div>\n<\/div>\n<div class=\" col-xs-12 col-lg-4\">\n<div class=\"row\">\n<div class=\"col col-xs-12 col-lg-12\">\n<div class=\"field-content\"><a href=\"\/article\/1060581-teletravail-un-guide-pour-les-administrations-publiques\"><img loading=\"lazy\" decoding=\"async\" class=\"img-responsive\" typeof=\"foaf:Image\" src=\"https:\/\/www.leconomiste.com\/sites\/default\/files\/eco7\/public\/styles\/800x400\/public\/default_images\/default_une.jpg?itok=4jZlgnIZ\" width=\"660\" height=\"330\" alt=\"\"\/><\/a><\/div>\n<\/div>\n<div class=\" title_suite_2 col col-xs-12 col-lg-12\"> <a href=\"\/article\/1060581-teletravail-un-guide-pour-les-administrations-publiques\"\/><span class=\"field-content\">T\u00e9l\u00e9travail: Un guide pour les administrations publiques<\/span><\/div>\n<\/div>\n<\/div>\n<\/div>\n<\/div>\n<\/div>\n<\/div>\n<\/div>\n<p>Auteur: hlafriqi<br \/>\n<a href=\"https:\/\/www.leconomiste.com\/article\/1060584-marocains-bloques-l-etranger-la-commission-des-affaires-etrangeres-se-saisit-du\">Cliquez ici pour lire l&rsquo;article depuis sa source.<\/a><\/p>\n","protected":false},"excerpt":{"rendered":"<p>Les membres de la Commission des Affaires \u00e9trang\u00e8res de la Chambre des repr\u00e9sentants a tenu, hier mercredi, une r\u00e9union pour examiner le dossier des Marocains bloqu\u00e9s \u00e0 l&rsquo;\u00e9tranger, suite \u00e0 la fermeture des fronti\u00e8res dans le cadre de l&rsquo;\u00e9tat d&rsquo;urgence sanitaire. Lors de cette r\u00e9union, les d\u00e9put\u00e9s ont interpell\u00e9 Nezha El Ouafi, ministre d\u00e9l\u00e9gu\u00e9 en [&hellip;]<\/p>\n","protected":false},"author":1763,"featured_media":0,"comment_status":"closed","ping_status":"closed","sticky":false,"template":"","format":"standard","meta":{"fifu_image_url":"","fifu_image_alt":"","footnotes":""},"categories":[78,54],"tags":[],"class_list":["post-82483","post","type-post","status-publish","format-standard","hentry","category-economie","category-maroc"],"_links":{"self":[{"href":"https:\/\/linitiative.ca\/International\/wp-json\/wp\/v2\/posts\/82483","targetHints":{"allow":["GET"]}}],"collection":[{"href":"https:\/\/linitiative.ca\/International\/wp-json\/wp\/v2\/posts"}],"about":[{"href":"https:\/\/linitiative.ca\/International\/wp-json\/wp\/v2\/types\/post"}],"author":[{"embeddable":true,"href":"https:\/\/linitiative.ca\/International\/wp-json\/wp\/v2\/users\/1763"}],"replies":[{"embeddable":true,"href":"https:\/\/linitiative.ca\/International\/wp-json\/wp\/v2\/comments?post=82483"}],"version-history":[{"count":0,"href":"https:\/\/linitiative.ca\/International\/wp-json\/wp\/v2\/posts\/82483\/revisions"}],"wp:attachment":[{"href":"https:\/\/linitiative.ca\/International\/wp-json\/wp\/v2\/media?parent=82483"}],"wp:term":[{"taxonomy":"category","embeddable":true,"href":"https:\/\/linitiative.ca\/International\/wp-json\/wp\/v2\/categories?post=82483"},{"taxonomy":"post_tag","embeddable":true,"href":"https:\/\/linitiative.ca\/International\/wp-json\/wp\/v2\/tags?post=82483"}],"curies":[{"name":"wp","href":"https:\/\/api.w.org\/{rel}","templated":true}]}}