{"id":82484,"date":"2020-04-15T13:11:54","date_gmt":"2020-04-15T17:11:54","guid":{"rendered":"https:\/\/linitiative.ca\/International\/article-1060585\/"},"modified":"2020-04-15T13:11:54","modified_gmt":"2020-04-15T17:11:54","slug":"article-1060585","status":"publish","type":"post","link":"https:\/\/linitiative.ca\/International\/article-1060585\/","title":{"rendered":"Article 1060585"},"content":{"rendered":"<div class=\"author\" readability=\"5.79310344828\">Par <a href=\"\/content\/amin-rboub\">Amin RBOUB<\/a> <a href=\"\/node\/\"> <\/a> | Edition N\u00b0:5742 Le 16\/04\/2020 | Partager <\/div>\n<div class=\"body\">\n<div class=\"field field-name-body field-type-text-with-summary field-label-hidden\">\n<div class=\"field-items\" readability=\"12.5\">\n<div class=\"field-item even\" property=\"content:encoded\" readability=\"20\">\n<p class=\"rtejustify\">Plusieurs clients de Royal Air Maroc se disent surpris et \u00e9tonn\u00e9s de voir la compagnie reprendre les r\u00e9servations en ligne sur sa plateforme avec des dates de vols programm\u00e9s \u00e0 partir du 1er mai. Sachant que les fronti\u00e8res a\u00e9riennes resteront ferm\u00e9es \u00e0 cette date-l\u00e0 et, par ricochet, les avions devront rester au sol, sauf miracle. Contact\u00e9es par L\u2019Economiste, les responsables de RAM confirment la r\u00e9activation des r\u00e9servations en ligne pour d\u00e9but mai prochain. \u00abToutes les compagnies doivent maintenir leurs syst\u00e8mes de programmation. Les syst\u00e8mes ne peuvent \u00eatre supprim\u00e9s m\u00eame si les vols sont suspendus. Plus encore, la r\u00e9activation des r\u00e9servations en ligne s\u2019explique aussi par une d\u00e9cision de la tutelle, le minist\u00e8re du Transport a\u00e9rien, qui fixe l\u2019arr\u00eat d\u2019activit\u00e9 jusqu\u2019au 30 avril. Mais pas au-del\u00e0, pour le moment\u00bb. Et d\u2019ajouter, la reprise des r\u00e9servations et ventes de billets en ligne est adopt\u00e9e par l\u2019ensemble des compagnies a\u00e9riennes, car elles doivent faire tourner leurs syst\u00e8mes. C&rsquo;est une obligation.<em> <\/em><\/p>\n<p class=\"rtejustify\"><em>A.R.<\/em><\/p>\n<\/div>\n<\/div>\n<\/div>\n<\/div>\n<div class=\"eco-conseil\">\n<div class=\"view view-eco-conseil-16 view-id-eco_conseil_16 view-display-id-cookies view-dom-id-408d474ac5042cb68318ea854bb8389f\">\n<div class=\"view-content\">\n<div id=\"views-bootstrap-grid-1\" class=\"views-bootstrap-grid-plugin-style\">\n<div class=\"row\">\n<div class=\" col-xs-12 col-lg-4\">\n<div class=\"row\">\n<div class=\"col col-xs-12 col-lg-12\">\n<div class=\"field-content\"><a href=\"\/article\/1060584-marocains-bloques-l-etranger-la-commission-des-affaires-etrangeres-se-saisit-du\"><img loading=\"lazy\" decoding=\"async\" class=\"img-responsive\" typeof=\"foaf:Image\" src=\"https:\/\/www.leconomiste.com\/sites\/default\/files\/eco7\/public\/styles\/800x400\/public\/default_images\/default_une.jpg?itok=4jZlgnIZ\" width=\"660\" height=\"330\" alt=\"\"\/><\/a><\/div>\n<\/div>\n<div class=\" title_suite_2 col col-xs-12 col-lg-12\"> <a href=\"\/article\/1060584-marocains-bloques-l-etranger-la-commission-des-affaires-etrangeres-se-saisit-du\"\/><span class=\"field-content\">Marocains bloqu\u00e9s \u00e0 l&rsquo;\u00e9tranger: La Commission des Affaires \u00e9trang\u00e8res se saisit du dossier<\/span><\/div>\n<\/div>\n<\/div>\n<div class=\" col-xs-12 col-lg-4\">\n<div class=\"row\">\n<div class=\"col col-xs-12 col-lg-12\">\n<div class=\"field-content\"><a href=\"\/article\/1060582-teletravail-un-accompagnement-gratuit-pour-les-tpe\"><img loading=\"lazy\" decoding=\"async\" class=\"img-responsive\" typeof=\"foaf:Image\" src=\"https:\/\/www.leconomiste.com\/sites\/default\/files\/eco7\/public\/styles\/800x400\/public\/default_images\/default_une.jpg?itok=4jZlgnIZ\" width=\"660\" height=\"330\" alt=\"\"\/><\/a><\/div>\n<\/div>\n<div class=\" title_suite_2 col col-xs-12 col-lg-12\"> <a href=\"\/article\/1060582-teletravail-un-accompagnement-gratuit-pour-les-tpe\"\/><span class=\"field-content\">T\u00e9l\u00e9travail: Un accompagnement gratuit pour les TPE <\/span><\/div>\n<\/div>\n<\/div>\n<div class=\" col-xs-12 col-lg-4\">\n<div class=\"row\">\n<div class=\"col col-xs-12 col-lg-12\">\n<div class=\"field-content\"><a href=\"\/article\/1060581-teletravail-un-guide-pour-les-administrations-publiques\"><img loading=\"lazy\" decoding=\"async\" class=\"img-responsive\" typeof=\"foaf:Image\" src=\"https:\/\/www.leconomiste.com\/sites\/default\/files\/eco7\/public\/styles\/800x400\/public\/default_images\/default_une.jpg?itok=4jZlgnIZ\" width=\"660\" height=\"330\" alt=\"\"\/><\/a><\/div>\n<\/div>\n<div class=\" title_suite_2 col col-xs-12 col-lg-12\"> <a href=\"\/article\/1060581-teletravail-un-guide-pour-les-administrations-publiques\"\/><span class=\"field-content\">T\u00e9l\u00e9travail: Un guide pour les administrations publiques<\/span><\/div>\n<\/div>\n<\/div>\n<\/div>\n<\/div>\n<\/div>\n<\/div>\n<\/div>\n<p>Auteur: hlafriqi<br \/>\n<a href=\"https:\/\/www.leconomiste.com\/article\/1060585-ram-pourquoi-les-reservations-en-ligne-reprennent\">Cliquez ici pour lire l&rsquo;article depuis sa source.<\/a><\/p>\n","protected":false},"excerpt":{"rendered":"<p>Par Amin RBOUB | Edition N\u00b0:5742 Le 16\/04\/2020 | Partager Plusieurs clients de Royal Air Maroc se disent surpris et \u00e9tonn\u00e9s de voir la compagnie reprendre les r\u00e9servations en ligne sur sa plateforme avec des dates de vols programm\u00e9s \u00e0 partir du 1er mai. Sachant que les fronti\u00e8res a\u00e9riennes resteront ferm\u00e9es \u00e0 cette date-l\u00e0 et, [&hellip;]<\/p>\n","protected":false},"author":1763,"featured_media":0,"comment_status":"closed","ping_status":"closed","sticky":false,"template":"","format":"standard","meta":{"fifu_image_url":"","fifu_image_alt":"","footnotes":""},"categories":[78,54],"tags":[],"class_list":["post-82484","post","type-post","status-publish","format-standard","hentry","category-economie","category-maroc"],"_links":{"self":[{"href":"https:\/\/linitiative.ca\/International\/wp-json\/wp\/v2\/posts\/82484","targetHints":{"allow":["GET"]}}],"collection":[{"href":"https:\/\/linitiative.ca\/International\/wp-json\/wp\/v2\/posts"}],"about":[{"href":"https:\/\/linitiative.ca\/International\/wp-json\/wp\/v2\/types\/post"}],"author":[{"embeddable":true,"href":"https:\/\/linitiative.ca\/International\/wp-json\/wp\/v2\/users\/1763"}],"replies":[{"embeddable":true,"href":"https:\/\/linitiative.ca\/International\/wp-json\/wp\/v2\/comments?post=82484"}],"version-history":[{"count":0,"href":"https:\/\/linitiative.ca\/International\/wp-json\/wp\/v2\/posts\/82484\/revisions"}],"wp:attachment":[{"href":"https:\/\/linitiative.ca\/International\/wp-json\/wp\/v2\/media?parent=82484"}],"wp:term":[{"taxonomy":"category","embeddable":true,"href":"https:\/\/linitiative.ca\/International\/wp-json\/wp\/v2\/categories?post=82484"},{"taxonomy":"post_tag","embeddable":true,"href":"https:\/\/linitiative.ca\/International\/wp-json\/wp\/v2\/tags?post=82484"}],"curies":[{"name":"wp","href":"https:\/\/api.w.org\/{rel}","templated":true}]}}