{"id":82493,"date":"2020-04-15T15:11:36","date_gmt":"2020-04-15T19:11:36","guid":{"rendered":"https:\/\/linitiative.ca\/International\/afrique-aucun-joueur-algerien-dans-le-meilleur-onze-africain-de-serge-aurier\/"},"modified":"2020-04-15T15:11:36","modified_gmt":"2020-04-15T19:11:36","slug":"afrique-aucun-joueur-algerien-dans-le-meilleur-onze-africain-de-serge-aurier","status":"publish","type":"post","link":"https:\/\/linitiative.ca\/International\/afrique-aucun-joueur-algerien-dans-le-meilleur-onze-africain-de-serge-aurier\/","title":{"rendered":"Afrique : Aucun joueur alg\u00e9rien dans le meilleur onze africain de Serge Aurier"},"content":{"rendered":"<div readability=\"32\">\n<p>Auteur : <span class=\"time\">mercredi 15 avril 2020 19:02<\/span><\/p>\n<\/div>\n<div id=\"post_core\" readability=\"43\">\n<p>L&rsquo;\u00e9quipe propos\u00e9e par le joueur de Tottenham comprend le gardien camerounais <strong>Andr\u00e9 Onana<\/strong> dans les buts. Devant, la d\u00e9fense serait compos\u00e9e d\u2019une charni\u00e8re <strong>Kalidou Koulibaly-Eric Bailly<\/strong> avec <strong>Achraf Hakimi<\/strong> et <strong>Serge Aurier<\/strong> sur les c\u00f4t\u00e9s. Deux joueurs \u00e9volueraient devant la d\u00e9fense, \u00e0 savoir <strong>Geoffrey Kondogbia<\/strong> et <strong>Frank Kessie<\/strong>. Devant, une attaque de feu compos\u00e9e de <strong>Sadio Man\u00e9, Pierre-Emerick Aubameyang<\/strong> et <strong>Mohamed Salah<\/strong> serait aliment\u00e9e en ballon par un <strong>Nicolas P\u00e9p\u00e9<\/strong> comme l&rsquo;indique Footmercato. Un choix personnel pour ce onze de r\u00eave africain dixit Serge Aurier, qui a indiqu\u00e9 qu\u2019il aurait pu aussi mettre Riyad Mahrez, Idrissa Gueye ou encore Medhi Benatia.<\/p>\n<p><strong>Publi\u00e9 dans :<\/strong> <span>Serge Aurier<\/span><\/p>\n<\/div>\n<p>Auteur:<br \/>\n<a href=\"http:\/\/www.lebuteur.com\/article\/detail?titre=aucun-joueur-algerien-dans-le-meilleur-onze-africain-de-serge-aurier&#038;id=95640&#038;utm_source=feedburner&#038;utm_medium=feed&#038;utm_campaign=Feed%3A+GalerieFArtciles+%28Les+derniers+articles++-+lebuteur.com%29\">Cliquez ici pour lire l&rsquo;article depuis sa source.<\/a><\/p>\n","protected":false},"excerpt":{"rendered":"<p>Auteur : mercredi 15 avril 2020 19:02 L&rsquo;\u00e9quipe propos\u00e9e par le joueur de Tottenham comprend le gardien camerounais Andr\u00e9 Onana dans les buts. Devant, la d\u00e9fense serait compos\u00e9e d\u2019une charni\u00e8re Kalidou Koulibaly-Eric Bailly avec Achraf Hakimi et Serge Aurier sur les c\u00f4t\u00e9s. Deux joueurs \u00e9volueraient devant la d\u00e9fense, \u00e0 savoir Geoffrey Kondogbia et Frank Kessie. [&hellip;]<\/p>\n","protected":false},"author":1738,"featured_media":82494,"comment_status":"closed","ping_status":"closed","sticky":false,"template":"","format":"standard","meta":{"fifu_image_url":"","fifu_image_alt":"","footnotes":""},"categories":[53,75],"tags":[],"class_list":["post-82493","post","type-post","status-publish","format-standard","has-post-thumbnail","hentry","category-algerie","category-sport"],"_links":{"self":[{"href":"https:\/\/linitiative.ca\/International\/wp-json\/wp\/v2\/posts\/82493","targetHints":{"allow":["GET"]}}],"collection":[{"href":"https:\/\/linitiative.ca\/International\/wp-json\/wp\/v2\/posts"}],"about":[{"href":"https:\/\/linitiative.ca\/International\/wp-json\/wp\/v2\/types\/post"}],"author":[{"embeddable":true,"href":"https:\/\/linitiative.ca\/International\/wp-json\/wp\/v2\/users\/1738"}],"replies":[{"embeddable":true,"href":"https:\/\/linitiative.ca\/International\/wp-json\/wp\/v2\/comments?post=82493"}],"version-history":[{"count":0,"href":"https:\/\/linitiative.ca\/International\/wp-json\/wp\/v2\/posts\/82493\/revisions"}],"wp:featuredmedia":[{"embeddable":true,"href":"https:\/\/linitiative.ca\/International\/wp-json\/"}],"wp:attachment":[{"href":"https:\/\/linitiative.ca\/International\/wp-json\/wp\/v2\/media?parent=82493"}],"wp:term":[{"taxonomy":"category","embeddable":true,"href":"https:\/\/linitiative.ca\/International\/wp-json\/wp\/v2\/categories?post=82493"},{"taxonomy":"post_tag","embeddable":true,"href":"https:\/\/linitiative.ca\/International\/wp-json\/wp\/v2\/tags?post=82493"}],"curies":[{"name":"wp","href":"https:\/\/api.w.org\/{rel}","templated":true}]}}