{"id":82495,"date":"2020-04-15T15:16:42","date_gmt":"2020-04-15T19:16:42","guid":{"rendered":"https:\/\/linitiative.ca\/International\/politiques-de-relance-du-tourisme-m-mermouri-participe-a-une-conference-virtuelle\/"},"modified":"2020-04-15T15:16:42","modified_gmt":"2020-04-15T19:16:42","slug":"politiques-de-relance-du-tourisme-m-mermouri-participe-a-une-conference-virtuelle","status":"publish","type":"post","link":"https:\/\/linitiative.ca\/International\/politiques-de-relance-du-tourisme-m-mermouri-participe-a-une-conference-virtuelle\/","title":{"rendered":"Politiques  de relance  du tourisme :  M. Mermouri participe \u00e0 une conf\u00e9rence virtuelle"},"content":{"rendered":"<div class=\"TxArtcile\" readability=\"29\">\n<p>\u00abCette rencontre a permis aux participants d&rsquo;examiner et de d\u00e9battre des strat\u00e9gies prises par les pays et leurs gouvernements en vue de trouver des formules appropri\u00e9es et de prendre des mesures n\u00e9cessaires afin de lutter et faire face aux \u00e9ventuelles r\u00e9percussions n\u00e9gatives sur l&rsquo;industrie touristique dans le monde, cette derni\u00e8re \u00e9tant l&rsquo;un des secteurs \u00e9conomiques les plus touch\u00e9s par cette crise sanitaire, notamment en ce qui concerne la pr\u00e9servation des emplois\u00bb, a pr\u00e9cis\u00e9 le communiqu\u00e9.\u00a0<\/p>\n<p>Au terme de cette conf\u00e9rence, ajoute la source, l&rsquo;OMT s&rsquo;est f\u00e9licit\u00e9e de l&rsquo;exp\u00e9rience alg\u00e9rienne en mati\u00e8re de pr\u00e9vention et de lutte contre la propagation du nouveau coronavirus, saluant, par l\u00e0 m\u00eame, \u00able grand \u00e9lan de solidarit\u00e9\u00bb initi\u00e9 par les op\u00e9rateurs et les acteurs du tourisme et de l&rsquo;h\u00f4tellerie qui ont mobilis\u00e9 toutes les ressources mat\u00e9rielles et humaines pour l&rsquo;organisation de l&rsquo;op\u00e9ration de confinement sanitaire, au niveau des \u00e9tablissements h\u00f4teliers, publics et priv\u00e9s, en faveur des citoyens alg\u00e9riens.\u00a0\u00a0<\/p>\n<p>L&rsquo;organisation a \u00e9galement salu\u00e9 \u00abla coordination et la coop\u00e9ration\u00bb dont ont fait preuve les op\u00e9rateurs de l&rsquo;artisanat dans le but de contribuer \u00e0 la lutte contre le Covid-19.\u00a0<\/p>\n<\/div>\n<div class=\"ModliArtilUne\">\n<ul>\n<li><strong>Publi\u00e9 dans :<\/strong><\/li>\n<\/ul>\n<\/div>\n<div class=\"MbComIns\" id=\"newcom\" readability=\"5.69402985075\">\n<h6>DONNEZ VOTRE AVIS<\/h6>\n<p>Il n&rsquo;y a actuellement aucune r\u00e9action \u00e0 cette information. Soyez le premier \u00e0 r\u00e9agir !<\/p>\n<p><a href=\"\" rel=\"#popup\" class=\"login resetbutton\">Identifiez-vous<\/a><a class=\"button\" href=\"http:\/\/www.elmoudjahid.com\/fr\/inscription\/\"><span>S&rsquo;inscrire<\/span><\/a><\/p>\n<\/div>\n<p>Auteur: elmoudjahid<br \/>\n<a href=\"http:\/\/www.elmoudjahid.com\/fr\/actualites\/151566\">Cliquez ici pour lire l&rsquo;article depuis sa source.<\/a><\/p>\n","protected":false},"excerpt":{"rendered":"<p>\u00abCette rencontre a permis aux participants d&rsquo;examiner et de d\u00e9battre des strat\u00e9gies prises par les pays et leurs gouvernements en vue de trouver des formules appropri\u00e9es et de prendre des mesures n\u00e9cessaires afin de lutter et faire face aux \u00e9ventuelles r\u00e9percussions n\u00e9gatives sur l&rsquo;industrie touristique dans le monde, cette derni\u00e8re \u00e9tant l&rsquo;un des secteurs \u00e9conomiques [&hellip;]<\/p>\n","protected":false},"author":1744,"featured_media":0,"comment_status":"closed","ping_status":"closed","sticky":false,"template":"","format":"standard","meta":{"fifu_image_url":"","fifu_image_alt":"","footnotes":""},"categories":[73,53],"tags":[],"class_list":["post-82495","post","type-post","status-publish","format-standard","hentry","category-actualite","category-algerie"],"_links":{"self":[{"href":"https:\/\/linitiative.ca\/International\/wp-json\/wp\/v2\/posts\/82495","targetHints":{"allow":["GET"]}}],"collection":[{"href":"https:\/\/linitiative.ca\/International\/wp-json\/wp\/v2\/posts"}],"about":[{"href":"https:\/\/linitiative.ca\/International\/wp-json\/wp\/v2\/types\/post"}],"author":[{"embeddable":true,"href":"https:\/\/linitiative.ca\/International\/wp-json\/wp\/v2\/users\/1744"}],"replies":[{"embeddable":true,"href":"https:\/\/linitiative.ca\/International\/wp-json\/wp\/v2\/comments?post=82495"}],"version-history":[{"count":0,"href":"https:\/\/linitiative.ca\/International\/wp-json\/wp\/v2\/posts\/82495\/revisions"}],"wp:attachment":[{"href":"https:\/\/linitiative.ca\/International\/wp-json\/wp\/v2\/media?parent=82495"}],"wp:term":[{"taxonomy":"category","embeddable":true,"href":"https:\/\/linitiative.ca\/International\/wp-json\/wp\/v2\/categories?post=82495"},{"taxonomy":"post_tag","embeddable":true,"href":"https:\/\/linitiative.ca\/International\/wp-json\/wp\/v2\/tags?post=82495"}],"curies":[{"name":"wp","href":"https:\/\/api.w.org\/{rel}","templated":true}]}}