{"id":82498,"date":"2020-04-15T15:16:50","date_gmt":"2020-04-15T19:16:50","guid":{"rendered":"https:\/\/linitiative.ca\/International\/distribution-de-la-publicite-publique-appliquer-la-loi-de-loffre-et-de-la-demande-requiert-un-assainissement-du-secteur\/"},"modified":"2020-04-15T15:16:50","modified_gmt":"2020-04-15T19:16:50","slug":"distribution-de-la-publicite-publique-appliquer-la-loi-de-loffre-et-de-la-demande-requiert-un-assainissement-du-secteur","status":"publish","type":"post","link":"https:\/\/linitiative.ca\/International\/distribution-de-la-publicite-publique-appliquer-la-loi-de-loffre-et-de-la-demande-requiert-un-assainissement-du-secteur\/","title":{"rendered":"Distribution de la publicit\u00e9 publique : Appliquer la loi de l\u2019offre et de la demande requiert un assainissement du secteur"},"content":{"rendered":"<p>\u00abAvant l\u2019application stricte de la loi de l\u2019offre et de la demande, il faudrait passer par une p\u00e9riode de transition permettant de r\u00e9habiliter et d\u2019assainir le secteur de la publicit\u00e9 publique\u00bb, a soulign\u00e9 le ministre, dans une entrevue accord\u00e9e au quotidien El Khabar, parue dans son \u00e9dition d\u2019aujourd\u2019hui, au sujet des d\u00e9lais de satisfaction des \u00abrevendications des professionnels de la presse relatives \u00e0 la lib\u00e9ration de la publicit\u00e9 publique et institutionnelle\u00bb. Pour M. Belhimer, cet assainissement s\u2019impose par \u00abl\u2019ampleur de la corruption qui a gangren\u00e9 les structures de ce secteur et facilit\u00e9 la dilapidation des deniers publics par des forces externes \u00e0 l\u2019Information, des clans politiques et des hordes de puissances diaboliques agissant dans l\u2019ombre et qui tiraient les ficelles au sein m\u00eame de l\u2019Agence nationale d&rsquo;\u00e9dition et de publicit\u00e9 (ANEP)\u00bb.<\/p>\n<p>Cette situation, qui a perdur\u00e9 des ann\u00e9es et des ann\u00e9es, a favoris\u00e9 l\u2019apparition de r\u00e9seaux d\u2019influence et d\u2019all\u00e9geance \u00abayant infiltr\u00e9 les rouages de l\u2019administration, de la presse et des centres de d\u00e9cisions, \u00e0 tous les niveaux\u00bb, a-t-il expliqu\u00e9.\u00a0<\/p>\n<p>C\u2019est pourquoi a \u00e9t\u00e9 initi\u00e9 une \u00ablarge op\u00e9ration d\u2019assainissement et de profonde restructuration\u00bb de l\u2019ANEP, \u00e0 la faveur de l\u2019installation d\u2019un staff \u00absolide et coh\u00e9rent\u00bb pour mener \u00e0 bien la mission de \u00abtransformer l\u2019Agence de simple bo\u00eete de distribution de la rente publicitaire en entreprise innovante et cr\u00e9atrice d\u2019emploi et de richesse\u00bb, a-t-il poursuivi.<\/p>\n<p>Plus pr\u00e9cis, M. Belhimer a fait savoir que la publicit\u00e9 publique repr\u00e9sentait 65% du march\u00e9 publicitaire global, et que c\u2019est l\u00e0 un soutien indirect \u00e0 la presse alg\u00e9rienne, tant publique que priv\u00e9e.<\/p>\n<p>L\u2019\u00c9tat \u00abne fait pas de diff\u00e9rence entre la presse\u00bb, d\u2019autant que ce soutien s\u2019inscrit dans le cadre de la pr\u00e9servation des postes d\u2019emploi et du pluralisme m\u00e9diatique, a-t-il dit, \u00e9voquant, \u00e0 ce propos, le r\u00f4le de l\u2019\u00c9tat dans la distribution de la publicit\u00e9, notamment au profit des entreprises vuln\u00e9rables de la presse \u00e9crite.<\/p>\n<p><strong>L\u2019\u00c9tat, un facteur de stabilit\u00e9, d\u2019\u00e9quilibre et de protection des petites entreprises<\/strong><\/p>\n<p>En cette conjoncture caract\u00e9ris\u00e9e par la complexit\u00e9 et la disette financi\u00e8res, le r\u00f4le de l\u2019\u00c9tat se veut \u00abun facteur de stabilit\u00e9, d\u2019\u00e9quilibre et de protection\u00bb des petites entreprises repr\u00e9sent\u00e9es par la presse \u00e9crite nationale, vou\u00e9es \u00e0 la disparition en l\u2019absence d\u2019un minimum de la publicit\u00e9 publique, a-t-il estim\u00e9. Pour le porte-parole du gouvernement, la lib\u00e9ration de la publicit\u00e9 dans cette p\u00e9riode difficile que traverse le pays, \u00e0 cause de la pand\u00e9mie Covid-19 et du marasme du march\u00e9 des hydrocarbures, constituera \u00able coup de gr\u00e2ce pour la quasi-totalit\u00e9 des entreprises m\u00e9diatiques, pour ne pas dire toutes\u00bb.<\/p>\n<p>S\u2019agissant de l\u2019installation de l\u2019Autorit\u00e9 de r\u00e9gulation de la presse \u00e9crite (ARPE), institu\u00e9e par le Code de l\u2019information de 2012, le ministre a fait \u00e9tat d\u2019une r\u00e9flexion en cours sur son remplacement \u00e9ventuel par des Conseils de d\u00e9ontologie professionnelle au niveau national et au sein des r\u00e9dactions, \u00ables seules \u00e0 ma\u00eetriser les rouages et bases du travail journalistique, au quotidien\u00bb, a-t-il dit.\u00a0<\/p>\n<p>En r\u00e9ponse \u00e0 une question sur \u00ables craintes des journalistes, ces derniers temps, d\u2019un retour +du ciseau de la censure+ \u00e0 travers l\u2019emprisonnement de journalistes et la suspension de journaux \u00e9lectroniques, en d\u00e9pit de l\u2019engagement du pr\u00e9sident de la R\u00e9publique \u00e0 pr\u00e9server l\u2019acquis de la libert\u00e9 de la presse\u00bb, M. Belhimer s\u2019est dit contre l\u2019utilisation de tels propos \u00ablourds de sens qui laissent \u00e0 penser, tr\u00e8s exag\u00e9r\u00e9ment, que l\u2019on est face \u00e0 un paysage m\u00e9diatique sombre\u00bb. \u00abEn effet, il y a des journalistes, tr\u00e8s peu d\u2019ailleurs, dont les dossiers sont entre les mains de la Justice, et en tant que ministre et Porte-parole du Gouvernement, il ne m\u2019appartient nullement d\u2019\u00e9voquer des affaires relevant de la Justice, qui est habilit\u00e9e seule \u00e0 dire s\u2019il s\u2019agit d\u2019affaires en lien avec la libert\u00e9 de la presse ou pas\u00bb, a expliqu\u00e9 M. Belhimer.<\/p>\n<p>Quant au \u00abciseau de la censure\u00bb, le ministre a r\u00e9torqu\u00e9 que ce discours laisse entendre que des journaux ont \u00e9t\u00e9 emp\u00each\u00e9s d\u2019exercer leur travail et que leurs journalistes n\u2019\u00e9crivent que sur ordre ou injonction, conc\u00e9dant qu\u2019il s\u2019agit peut-\u00eatre d\u2019une \u00absorte d\u2019autocensure\u00bb dont les journalistes devaient s\u2019affranchir. Pour ce qui est de la suspension de certains journaux \u00e9lectroniques, M. Belhimer a tenu \u00e0 pr\u00e9ciser que ce ne sont que deux cas \u00abexceptionnels\u00bb, en l\u2019occurrence \u00abMaghreb Emergent\u00bb et \u00abRadio M. Post\u00bb, g\u00e9r\u00e9s par un journaliste \u00abqui se livrait \u00e0 la diffamation, la calomnie et l\u2019insulte \u00e0 l\u2019encontre du pr\u00e9sident de la R\u00e9publique (&#8230;) franchissant, ainsi, toutes les limites de la d\u00e9cence, de la morale et de la Loi\u00bb. N\u00e9anmoins, a-t-il poursuivi, cette suspension se veut une \u00absuspension conservatoire\u00bb en attendant l\u2019ach\u00e8vement des proc\u00e9dures de poursuites judiciaires conform\u00e9ment aux dispositions du Code p\u00e9nal et du Code de l\u2019information. Concernant la r\u00e9gularisation de la situation juridique des journaux \u00e9lectroniques domicili\u00e9s en Alg\u00e9rie, M. Belhimer a fait savoir que son premier volet, la r\u00e9gularisation de leur situation juridique, \u00aba \u00e9t\u00e9 acc\u00e9l\u00e9r\u00e9 \u00e0 la demande du pr\u00e9sident de la R\u00e9publique en personne\u00bb. Ce \u00abtexte de rattrapage\u00bb a \u00e9t\u00e9 pr\u00e9par\u00e9 au terme de consultations ayant regroup\u00e9 les acteurs du secteur et un grand nombre de minist\u00e8res, pour avis, au titre de l\u2019entraide gouvernementale\u00bb, a-t-il ajout\u00e9.<\/p>\n<p>\u00a0Quant \u00e0 la promulgation de la Loi en soi, le ministre a indiqu\u00e9 que son \u00e9laboration se fera \u00absur des bases de rigueur, d\u2019\u00e9coute, de dialogue constructif et de d\u00e9bat constant\u00bb avec les gens du m\u00e9tier, les sp\u00e9cialistes et les experts. Par ailleurs, M. Belhimer a abord\u00e9 la situation dans laquelle se trouvent de nombreux journalistes n\u2019ayant pas per\u00e7u leurs salaires depuis des mois, et qui s\u2019est exacerb\u00e9e avec la pand\u00e9mie de Coronavirus, se disant \u00abtr\u00e8s pr\u00e9occup\u00e9\u00bb par la crise financi\u00e8re \u00e9touffante que vive la majorit\u00e9 des m\u00e9dias.\u00a0<\/p>\n<p>Il a relev\u00e9, \u00e0 ce propos, que cette crise, qui ne date pas d\u2019hier, est le r\u00e9sultat d\u2019un ensemble de causes, dont les mod\u00e8les \u00e9conomiques choisis par ces m\u00e9dias, la gestion des ressources financi\u00e8res et humaines et l\u2019incapacit\u00e9 \u00e0 s\u2019adapter \u00e0 la transition num\u00e9rique. Cependant, la crise du Covid-19 pourrait, du point de vue de M. Belhimer, constituer pour la presse \u00e9crite l\u2019aubaine d\u2019une transition syst\u00e9matique vers la presse num\u00e9rique propos\u00e9e en portails multiservices.<\/p>\n<p><strong>\u00abLa transition num\u00e9rique, une n\u00e9cessit\u00e9 imp\u00e9rieuse.\u00bb<\/strong><\/p>\n<p>La transition num\u00e9rique est d\u00e9sormais une \u00abn\u00e9cessit\u00e9 imp\u00e9rieuse et urgente\u00bb face au recul du tirage des journaux \u00e0 plus de 70%, voire \u00e0 l\u2019arr\u00eat total de plusieurs titres, a-t-il estim\u00e9. Plus globalement, le ministre de la Communication a \u00e9voqu\u00e9 les r\u00e9formes \u00abprofondes\u00bb qu\u2019il envisageait pour le Secteur et \u00abdont il a une id\u00e9e claire\u00bb, par son exp\u00e9rience de journaliste professionnel et d\u2019ancien syndicaliste. Sur ce point pr\u00e9cis, M. Belhimer pense que \u00abtoute chose est apte \u00e0 l\u2019am\u00e9lioration, \u00e0 la r\u00e9vision et au changement\u00bb. \u00abNous vivons une p\u00e9riode historique rare qui offre l\u2019opportunit\u00e9 de la reconstruction ou la construction sur de nouvelles bases\u00bb, a-t-il ajout\u00e9.<\/p>\n<p>D\u00e9taillant la teneur de ces r\u00e9formes, M. Belhimer a fait \u00e9tat de l\u2019identification de dix grands chantiers de r\u00e9forme touchant l\u2019ensemble des cr\u00e9neaux du Secteur, citant la promulgation de textes l\u00e9gislatifs et r\u00e9glementaires n\u00e9cessaires \u00e0 l\u2019encadrement de la presse \u00e9crite et num\u00e9rique, des m\u00e9dias audiovisuels, de la publicit\u00e9, des agences de communication et de distribution et des instituts de sondage, etc.<\/p>\n<p><strong>Covid-19 : trouver les moyens les plus efficaces pour une communication en direction de l\u2019opinion publique<\/strong><\/p>\n<p>Sur un autre registre, le porte-parole du gouvernement a \u00e9voqu\u00e9 le traitement de la question de la pand\u00e9mie de nouveau coronavirus (Covid-19), \u00e0 laquelle est confront\u00e9e l\u2019Alg\u00e9rie, \u00e0 l\u2019instar du reste des pays du monde. Il a affirm\u00e9, dans ce sens, que \u00abl\u2019\u00c9tat s\u2019emploie \u00e0 la recherche des moyens les plus simples et les plus efficaces pour transmettre \u00e0 l\u2019opinion publique les nouvelles donn\u00e9es li\u00e9es \u00e0 l\u2019\u00e9volution de la situation, en veillant \u00e0 lui garantir une information juste, pr\u00e9cise et fiable via les canaux officiels et les m\u00e9dias publics\u00bb.<\/p>\n<p>Cette option \u00ab\u00e9tudi\u00e9e\u00bb, a-t-il indiqu\u00e9, tend \u00e0 simplifier la m\u00e9thode de traitement de l\u2019information par la pr\u00e9sentation simplifi\u00e9e des chiffres relatifs \u00e0 la propagation du virus dans le pays. Le ministre de la Communication a pr\u00e9cis\u00e9, dans ce sens, que le choix de trois m\u00e9dias publics seulement pour assister au point de presse quotidien de la Commission nationale de veille et de suivi de l&rsquo;\u00e9volution de l&rsquo;\u00e9pid\u00e9mie du Coronavirus (COVID-19) s\u2019est impos\u00e9 par le souci d\u2019appliquer les r\u00e8gles de la distanciation sociale au niveau de la salle et par un gain de temps au vu des contingences du couvre-feu dans la capitale, a expliqu\u00e9 M. Belhimer.<\/p>\n<p>Cette m\u00e9thode de travail a permis \u00abde r\u00e9duire les Fakenews et les chiffres erron\u00e9s\u00bb, notamment sur les r\u00e9seaux sociaux, s\u2019est-il f\u00e9licit\u00e9.<\/p>\n<p>Et d\u2019ajouter : \u00abNous n\u2019avons d\u2019autres choix pour limiter les effets de la rumeur que de lui livrer une lutte optimale en diffusant la v\u00e9rit\u00e9 d\u2019une mani\u00e8re quotidienne et r\u00e9guli\u00e8re.\u00bb<\/p>\n<p>Mettant en avant l\u2019efficacit\u00e9 des mesures, pratiques et r\u00e9alistes, prises par l\u2019\u00c9tat, le porte-parole du gouvernement a estim\u00e9 que c\u2019est l\u00e0 une r\u00e9alit\u00e9 qui ne peut \u00eatre ni\u00e9e si l\u2019on est de bonne foi.\u00a0<\/p>\n<p>\u00c0 une question sur \u00abla crainte des citoyens quant \u00e0 une crise alimentaire\u00bb, en raison de la pand\u00e9mie, le ministre s&rsquo;est dit \u00e9tonn\u00e9 qu\u2019on puisse parler d\u2019un probl\u00e8me qui non seulement n\u2019a pas eu lieu, encore plus en l\u2019absence d\u2019un quelconque indicateur pouvant le pr\u00e9sager \u00e0 court, moyen ou long terme. Estimant toutefois que les Alg\u00e9riens \u00abont fait montre globalement de s\u00e9r\u00e9nit\u00e9 et de discipline\u00bb, le porte-parole du gouvernement a rappel\u00e9 la panoplie de mesures prises par le gouvernement \u00e0 cet effet.<\/p>\n<p><strong>Les secteurs priv\u00e9 et public, deux faces d\u2019une m\u00eame pi\u00e8ce\u00a0<\/strong><\/p>\n<p>Concernant les dispositions pr\u00e9vues pour la protection du secteur priv\u00e9 contre les pertes engendr\u00e9es par le Coronavirus, le ministre de la Communication s&rsquo;est interrog\u00e9 pourquoi le secteur public est toujours exclu lorsqu\u2019on \u00e9voque cette question, affirmant, \u00e0 ce propos, que \u00abl&rsquo;\u00c9tat alg\u00e9rien consid\u00e8re les secteurs priv\u00e9 et public comme les deux faces d\u2019une m\u00eame pi\u00e8ce, c\u2019est-\u00e0-dire l&rsquo;\u00e9conomie nationale\u00bb. Bien que pleinement pr\u00e9occup\u00e9 par la gestion du plus grand risque de la pand\u00e9mie en termes de pr\u00e9servation des vies et de la s\u00e9curit\u00e9 des citoyens, l\u2019\u00c9tat, a soutenu M. Belhimer, s&rsquo;est pench\u00e9 sur les r\u00e9percussions \u00e9conomiques de cette crise et a arr\u00eat\u00e9 des mesures \u00abd\u00e9fensives et pr\u00e9ventives\u00bb \u00e0 m\u00eame d&rsquo;att\u00e9nuer son impact sur l&rsquo;ensemble des op\u00e9rateurs \u00e9conomiques.\u00a0<\/p>\n<p>\u00c0 ce titre, la Banque d&rsquo;Alg\u00e9rie (BA) a pris une s\u00e9rie de mesures conjoncturelles et exceptionnelles permettant aux \u00e9tablissements financiers et aux banques d&rsquo;augmenter leurs capacit\u00e9s de financement en faveur des entreprises \u00e9conomiques impact\u00e9es par la conjoncture induite par le COVID-19, en sus du r\u00e9\u00e9chelonnement des cr\u00e9ances, entre autres.\u00a0<\/p>\n<p>Auteur: elmoudjahid<br \/>\n<a href=\"http:\/\/www.elmoudjahid.com\/fr\/actualites\/151569\">Cliquez ici pour lire l&rsquo;article depuis sa source.<\/a><\/p>\n","protected":false},"excerpt":{"rendered":"<p>\u00abAvant l\u2019application stricte de la loi de l\u2019offre et de la demande, il faudrait passer par une p\u00e9riode de transition permettant de r\u00e9habiliter et d\u2019assainir le secteur de la publicit\u00e9 publique\u00bb, a soulign\u00e9 le ministre, dans une entrevue accord\u00e9e au quotidien El Khabar, parue dans son \u00e9dition d\u2019aujourd\u2019hui, au sujet des d\u00e9lais de satisfaction des [&hellip;]<\/p>\n","protected":false},"author":1744,"featured_media":0,"comment_status":"closed","ping_status":"closed","sticky":false,"template":"","format":"standard","meta":{"fifu_image_url":"","fifu_image_alt":"","footnotes":""},"categories":[73,53],"tags":[],"class_list":["post-82498","post","type-post","status-publish","format-standard","hentry","category-actualite","category-algerie"],"_links":{"self":[{"href":"https:\/\/linitiative.ca\/International\/wp-json\/wp\/v2\/posts\/82498","targetHints":{"allow":["GET"]}}],"collection":[{"href":"https:\/\/linitiative.ca\/International\/wp-json\/wp\/v2\/posts"}],"about":[{"href":"https:\/\/linitiative.ca\/International\/wp-json\/wp\/v2\/types\/post"}],"author":[{"embeddable":true,"href":"https:\/\/linitiative.ca\/International\/wp-json\/wp\/v2\/users\/1744"}],"replies":[{"embeddable":true,"href":"https:\/\/linitiative.ca\/International\/wp-json\/wp\/v2\/comments?post=82498"}],"version-history":[{"count":0,"href":"https:\/\/linitiative.ca\/International\/wp-json\/wp\/v2\/posts\/82498\/revisions"}],"wp:attachment":[{"href":"https:\/\/linitiative.ca\/International\/wp-json\/wp\/v2\/media?parent=82498"}],"wp:term":[{"taxonomy":"category","embeddable":true,"href":"https:\/\/linitiative.ca\/International\/wp-json\/wp\/v2\/categories?post=82498"},{"taxonomy":"post_tag","embeddable":true,"href":"https:\/\/linitiative.ca\/International\/wp-json\/wp\/v2\/tags?post=82498"}],"curies":[{"name":"wp","href":"https:\/\/api.w.org\/{rel}","templated":true}]}}