{"id":82499,"date":"2020-04-15T15:16:53","date_gmt":"2020-04-15T19:16:53","guid":{"rendered":"https:\/\/linitiative.ca\/International\/le-president-tebboune-a-loccasion-de-la-journee-du-savoir-operer-une-reelle-renaissance-nationale\/"},"modified":"2020-04-15T15:16:53","modified_gmt":"2020-04-15T19:16:53","slug":"le-president-tebboune-a-loccasion-de-la-journee-du-savoir-operer-une-reelle-renaissance-nationale","status":"publish","type":"post","link":"https:\/\/linitiative.ca\/International\/le-president-tebboune-a-loccasion-de-la-journee-du-savoir-operer-une-reelle-renaissance-nationale\/","title":{"rendered":"Le pr\u00e9sident Tebboune \u00e0 l\u2019occasion  de la Journ\u00e9e du Savoir : Op\u00e9rer une r\u00e9elle  renaissance nationale"},"content":{"rendered":"<p>\u00abDemain, le 16 avril, et comme chaque ann\u00e9e, notre peuple c\u00e9l\u00e8brera la Journ\u00e9e du savoir (Yaoum El-Ilm) en glorification des Oul\u00e9ma et Ma\u00eetres des enseignants, et en c\u00e9l\u00e9bration des hauts faits du pionnier de la renaissance scientifique, religieuse et culturelle, le r\u00e9formateur et le fondateur de l&rsquo;Association des Oul\u00e9mas musulmans alg\u00e9riens, l&rsquo;\u00e9rudit Cheikh Abdelhamid Ben Badis, qu&rsquo;Allah le comble de Sa Sainte Mis\u00e9ricorde, en ce 80e anniversaire de sa disparition.<br \/>L\u2019occasion \u00e9galement de rendre hommage, \u00e0 travers lui, aux honorables savants, toutes sp\u00e9cialit\u00e9s confondues.<br \/>Notre \u00e9rudit Cheikh Abdelhamid Ben Badis s\u2019est oppos\u00e9 jusqu\u2019au dernier souffle \u00e0 tous les plans du colonialisme fran\u00e7ais d\u2019occultation de l\u2019identit\u00e9 nationale et de destruction de la doctrine de la Nation et \u00e0 toutes ses tentatives d\u2019annihilation de sa langue, de corruption de ses m\u0153urs et d\u2019alt\u00e9ration de sa culture.<br \/>Avec force, il s\u2019est \u00e9lev\u00e9 contre les plans d&rsquo;assimilation lorsqu\u2019il clama face \u00e0 l&rsquo;occupant abject que \u00ab\u00a0La Nation alg\u00e9rienne n&rsquo;est pas la France, ne peut \u00eatre la France et ne veut pas \u00eatre la France. Il est impossible qu&rsquo;elle soit la France, m\u00eame si elle le voulait\u00a0\u00bb.<br \/>Il a \u00e9t\u00e9 parmi les premiers \u00e0 croire que la lib\u00e9ration de la patrie passe par l&rsquo;\u00e9mancipation des esprits de l&rsquo;ignorance et de la superstition, en affirmant que \u00ab\u00a0le savoir est le seul flambeau qui \u00e9claire la vie, les paroles, les actes et les croyances\u00a0\u00bb.<br \/>A cette occasion, j&rsquo;ai ordonn\u00e9 la restauration de toutes les mosqu\u00e9es s\u00e9culaires d&rsquo;Alg\u00e9rie, \u00e0 leur t\u00eate la Mosqu\u00e9e Sidi Lakhdar \u00e0 Constantine o\u00f9 le Cheikh Abdelhamid Ben Badis donnait des cours de Tafsir (ex\u00e9g\u00e8se) et Hadith, notamment l&rsquo;explication d&rsquo;El Mouata, de l&rsquo;Imam Malek, qu\u2019Allah lui accorde la F\u00e9licit\u00e9.<br \/>Cette d\u00e9cision proc\u00e8de de l&rsquo;attachement de l&rsquo;\u00c9tat \u00e0 pr\u00e9server cet \u00e9difice comme source de rayonnement religieux et culturel et t\u00e9moin de la place de cet homme dans l&rsquo;histoire de la renaissance de la nation.<br \/>Que sont nombreux, les grands hommes auxquels a donn\u00e9 naissance cette terre sainte et qui ont marqu\u00e9 l\u2019histoire de leur empreinte, gr\u00e2ce \u00e0 leurs sacrifices, hauts faits et abn\u00e9gation, tels que l&rsquo;\u00e9rudit Sidi Mohamed Belkebir, sp\u00e9cialiste du rite Malikite, le Cheikh Abdelkrim El Maghili El Tlem\u00e7ani, h\u00f4te de Touat o\u00f9 il fut inhum\u00e9, ainsi que les Cheikhs des Zaou\u00efa Tidjania, El Kadiria, Rahmaniya, El Hibria et la Zaouia El Hamel, outre le saint patron d\u2019Alger, Sidi Abderrahmane At-Tha\u00e2libi, pour ne citer qu&rsquo;eux.<br \/>Ils ont tous arrach\u00e9 avec m\u00e9rite la place qui leur sied de mod\u00e8les de fiert\u00e9 d\u2019appartenance \u00e0 la nation alg\u00e9rienne et de d\u00e9vouement \u00e0 son service, devenant ainsi des phares qui guident notre chemin.<br \/>Il n&rsquo;en demeure pas moins pour les \u00e9coles coraniques au regard de le r\u00f4le de proximit\u00e9 du citoyen dans les villes et les villages pour la r\u00e9citation du Coran et l&rsquo;enseignement de la Sunna et de la langue.<br \/>Aussi, je me recueille avec d\u00e9f\u00e9rence et pi\u00e9t\u00e9 \u00e0 la m\u00e9moire de nos \u00e9rudits cheikhs et ma\u00eetres qui ont form\u00e9 des g\u00e9n\u00e9rations successives. Nous leur demeurons reconnaissants jusqu\u2019\u00e0 la fin de nos jours, pour nous avoir inculqu\u00e9 la science utile et les valeurs glorifiant le Savoir qui fait la force des Nations.<br \/>Aujourd\u2019hui, l\u2019Alg\u00e9rie affronte courageusement la pand\u00e9mie du nouveau coronavirus en s\u2019inspirant de ces \u00e9minents hommes la patience face \u00e0 l\u2019\u00e9preuve et la d\u00e9termination renouvel\u00e9e au sacrifice pour la patrie.<br \/>Elle \u0153uvre \u00e0 la promotion de la science et du savoir pour donner \u00e0 l\u2019Alg\u00e9rie la v\u00e9ritable place scientifique et civilisationnelle qui lui sied dans le concert des nations.<br \/>De m\u00eame qu\u2019elle s\u2019attelle \u00e0 la cons\u00e9cration des vertus de la morale pour construire une soci\u00e9t\u00e9 qui compose harmonieusement et naturellement authenticit\u00e9 et modernit\u00e9 en consolidation des fondements de la Nation et pr\u00e9server son identit\u00e9, ses valeurs et sa coh\u00e9sion nationale.<br \/>\u00c0 cette occasion, je r\u00e9it\u00e8re une promesse faite devant vous, lors de mon discours de prestation de serment, de soutenir mat\u00e9riellement et socialement l\u2019enseignant et le chercheur pour op\u00e9rer une r\u00e9elle renaissance nationale, o\u00f9 l\u2019\u00e9cole sera r\u00e9habilit\u00e9e dans ses trois paliers, o\u00f9 l\u2019\u00c9tat recouvrera son autorit\u00e9 et o\u00f9 ses enfants, filles et gar\u00e7ons, se livrent \u00e0 la concurrence au service de leur pays avec abn\u00e9gation, en s\u2019inspirant de leurs vaillants a\u00efeux et de la D\u00e9claration du 1er Novembre, qui demeurera \u00e0 jamais une source d\u2019inspiration, voire la r\u00e9f\u00e9rence m\u00eame de notre politique.<br \/>En rendant hommage \u00e0 la famille de l\u2019\u00c9ducation et de l\u2019Universit\u00e9, les porteur de la pens\u00e9e qui se consument pour \u00e9clairer la voie aux g\u00e9n\u00e9rations montantes, je ne peux qu\u2019\u00e9prouver la peine et la tristesse de ne pouvoir c\u00e9l\u00e9brer cette ann\u00e9e la Journ\u00e9e du savoir et voir la joie de nos enfants heureux et fiers de chanter l\u2019\u00e9rudit r\u00e9formateur Abdelhamid Ibn Badis et ses hauts faits, mais face \u00e0 la volont\u00e9 de Dieu, nous ne pouvons que nous r\u00e9signer.<br \/>Cette situation de crise nous a permis de d\u00e9couvrir nos capacit\u00e9s scientifiques, fortes de nos m\u00e9decins qui sont \u00e0 l&rsquo;avant-garde de la lutte contre cette pand\u00e9mie. Elle a, aussi, offert \u00e0 notre jeunesse l&rsquo;occasion de s&rsquo;affirmer et de mettre en avant ses capacit\u00e9s et toute sa force d&rsquo;interaction avec les \u00e9preuves que traverse le peuple, et ce \u00e0 travers un apport quotidien et des initiatives qui s&rsquo;ajoutent \u00e0 l\u2019effort national visant un retour \u00e0 la normale.<br \/>Ces initiatives d\u00e9notent la comp\u00e9tence scientifique de nos jeunes en mati\u00e8re d\u2019innovation de moyens, d\u2019\u00e9quipements et de plates-formes num\u00e9riques, voire d&rsquo;actions b\u00e9n\u00e9voles \u00e0 m\u00eame d\u2019all\u00e9ger les souffrances des malades et la pression qui p\u00e8sent sur le personnel soignant. Toutefois, ces efforts demeureront insuffisants si un quelconque rel\u00e2chement venait \u00e0 \u00eatre enregistr\u00e9 concernant le respect des mesures pr\u00e9ventives et de confinement.<br \/>L&rsquo;occasion m&rsquo;est offerte pour r\u00e9it\u00e9rer mon appel \u00e0 tous les citoyens, alors que nous nous rapprochons du bout du tunnel, quant \u00e0 l&rsquo;imp\u00e9ratif de mobiliser tous nos moyens humains, mat\u00e9riels et financiers, pour plus de discipline, de vigilance et d&rsquo;entraide, dans l&rsquo;int\u00e9r\u00eat de tous et pour pr\u00e9munir notre pays contre tout malheur. Avec l&rsquo;aide de Dieu, nous sortirons vainqueurs de cette \u00e9preuve.<br \/>Vive l&rsquo;Alg\u00e9rie.\u00bb<br \/>\u00a0<\/p>\n<p>Auteur: elmoudjahid<br \/>\n<a href=\"http:\/\/www.elmoudjahid.com\/fr\/actualites\/151570\">Cliquez ici pour lire l&rsquo;article depuis sa source.<\/a><\/p>\n","protected":false},"excerpt":{"rendered":"<p>\u00abDemain, le 16 avril, et comme chaque ann\u00e9e, notre peuple c\u00e9l\u00e8brera la Journ\u00e9e du savoir (Yaoum El-Ilm) en glorification des Oul\u00e9ma et Ma\u00eetres des enseignants, et en c\u00e9l\u00e9bration des hauts faits du pionnier de la renaissance scientifique, religieuse et culturelle, le r\u00e9formateur et le fondateur de l&rsquo;Association des Oul\u00e9mas musulmans alg\u00e9riens, l&rsquo;\u00e9rudit Cheikh Abdelhamid Ben [&hellip;]<\/p>\n","protected":false},"author":1744,"featured_media":0,"comment_status":"closed","ping_status":"closed","sticky":false,"template":"","format":"standard","meta":{"fifu_image_url":"","fifu_image_alt":"","footnotes":""},"categories":[73,53],"tags":[],"class_list":["post-82499","post","type-post","status-publish","format-standard","hentry","category-actualite","category-algerie"],"_links":{"self":[{"href":"https:\/\/linitiative.ca\/International\/wp-json\/wp\/v2\/posts\/82499","targetHints":{"allow":["GET"]}}],"collection":[{"href":"https:\/\/linitiative.ca\/International\/wp-json\/wp\/v2\/posts"}],"about":[{"href":"https:\/\/linitiative.ca\/International\/wp-json\/wp\/v2\/types\/post"}],"author":[{"embeddable":true,"href":"https:\/\/linitiative.ca\/International\/wp-json\/wp\/v2\/users\/1744"}],"replies":[{"embeddable":true,"href":"https:\/\/linitiative.ca\/International\/wp-json\/wp\/v2\/comments?post=82499"}],"version-history":[{"count":0,"href":"https:\/\/linitiative.ca\/International\/wp-json\/wp\/v2\/posts\/82499\/revisions"}],"wp:attachment":[{"href":"https:\/\/linitiative.ca\/International\/wp-json\/wp\/v2\/media?parent=82499"}],"wp:term":[{"taxonomy":"category","embeddable":true,"href":"https:\/\/linitiative.ca\/International\/wp-json\/wp\/v2\/categories?post=82499"},{"taxonomy":"post_tag","embeddable":true,"href":"https:\/\/linitiative.ca\/International\/wp-json\/wp\/v2\/tags?post=82499"}],"curies":[{"name":"wp","href":"https:\/\/api.w.org\/{rel}","templated":true}]}}