{"id":82500,"date":"2020-04-15T08:21:10","date_gmt":"2020-04-15T12:21:10","guid":{"rendered":"https:\/\/linitiative.ca\/International\/104054-coronavirus-tennis-la-confederation-africaine-prolonge-la-suspension-de-ses-competitions\/"},"modified":"2020-04-15T08:21:10","modified_gmt":"2020-04-15T12:21:10","slug":"104054-coronavirus-tennis-la-confederation-africaine-prolonge-la-suspension-de-ses-competitions","status":"publish","type":"post","link":"https:\/\/linitiative.ca\/International\/104054-coronavirus-tennis-la-confederation-africaine-prolonge-la-suspension-de-ses-competitions\/","title":{"rendered":"Coronavirus\/Tennis: la Conf\u00e9d\u00e9ration africaine prolonge la suspension de ses comp\u00e9titions"},"content":{"rendered":"<div>\n<div class=\"K2FeedIntroText\">\n<p><strong>ALGER- La Conf&eacute;d&eacute;ration africaine de tennis (CAT) a prolong&eacute; la suspension de ses &eacute;v&egrave;nements et comp&eacute;titions officielles ITF\/CAT en raison du nouveau coronavirus (Covid-19), a annonc&eacute; mercredi la&nbsp;F&eacute;d&eacute;ration alg&eacute;rienne de la discipline (FAT).<\/strong><\/p>\n<\/div>\n<div class=\"K2FeedFullText\">\n<p>\u00a0\u00bbLa CAT qui continue &agrave; &eacute;valuer l&rsquo;&eacute;volution de la pand&eacute;mie en conjonction, principalement avec la F&eacute;d&eacute;ration Internationale de Tennis (ITF) tout en suivant les recommandations d&rsquo;International SOS et les conseils des experts en la mati&egrave;re pour assurer la sant&eacute; et la s&eacute;curit&eacute; de toutes les personnes&nbsp;impliqu&eacute;es dans ses &eacute;v&eacute;nements a d&eacute;cid&eacute; de prolonger le report de toutes les comp&eacute;titions et &eacute;v&eacute;nements organis&eacute;s sous l&rsquo;&eacute;gide de la CAT et de l&rsquo;ITF pr&eacute;vus en Afrique &agrave; des dates ult&eacute;rieures. Aucune comp&eacute;tition n&rsquo;aura lieu avant le 13 juillet 2020\u00a0\u00bb, a expliqu&eacute; l&rsquo;instance f&eacute;d&eacute;rale.<\/p>\n<blockquote>\n<p><em><strong>Il s&rsquo;agit du troisi&egrave;me report de suite apr&egrave;s celui du 11 mars et du 4 avril.<\/strong><\/em><\/p>\n<\/blockquote>\n<p>D&rsquo;autre part, la CAT a d&eacute;cid&eacute; de reporter son Assembl&eacute;e g&eacute;n&eacute;rale annuelle (AGA) initialement pr&eacute;vue &agrave; Tunis les 19 et 20 Juin 2020 &agrave; une date ult&eacute;rieure.<\/p>\n<p>Selon la m&ecirc;me source, l&rsquo;AGA aura lieu probablement durant le dernier trimestre de 2020 (octobre &#8211; novembre 2020).<\/p>\n<\/div>\n<p><img loading=\"lazy\" decoding=\"async\" src=\"http:\/\/feeds.feedburner.com\/~r\/aps-sport\/~4\/u5IvNKJ6MGI\" height=\"1\" width=\"1\" alt=\"\"><\/div>\n<p>Auteur:<br \/>\n<a href=\"http:\/\/www.aps.dz\/sport\/104054-coronavirus-tennis-la-confederation-africaine-prolonge-la-suspension-de-ses-competitions?utm_source=feedburner&#038;utm_medium=feed&#038;utm_campaign=Feed%3A+aps-sport+%28APS+-+SPORT%29\">Cliquez ici pour lire l&rsquo;article depuis sa source.<\/a><\/p>\n","protected":false},"excerpt":{"rendered":"<p>ALGER- La Conf&eacute;d&eacute;ration africaine de tennis (CAT) a prolong&eacute; la suspension de ses &eacute;v&egrave;nements et comp&eacute;titions officielles ITF\/CAT en raison du nouveau coronavirus (Covid-19), a annonc&eacute; mercredi la&nbsp;F&eacute;d&eacute;ration alg&eacute;rienne de la discipline (FAT). \u00a0\u00bbLa CAT qui continue &agrave; &eacute;valuer l&rsquo;&eacute;volution de la pand&eacute;mie en conjonction, principalement avec la F&eacute;d&eacute;ration Internationale de Tennis (ITF) tout en [&hellip;]<\/p>\n","protected":false},"author":1790,"featured_media":0,"comment_status":"closed","ping_status":"closed","sticky":false,"template":"","format":"standard","meta":{"fifu_image_url":"","fifu_image_alt":"","footnotes":""},"categories":[53,75],"tags":[],"class_list":["post-82500","post","type-post","status-publish","format-standard","hentry","category-algerie","category-sport"],"_links":{"self":[{"href":"https:\/\/linitiative.ca\/International\/wp-json\/wp\/v2\/posts\/82500","targetHints":{"allow":["GET"]}}],"collection":[{"href":"https:\/\/linitiative.ca\/International\/wp-json\/wp\/v2\/posts"}],"about":[{"href":"https:\/\/linitiative.ca\/International\/wp-json\/wp\/v2\/types\/post"}],"author":[{"embeddable":true,"href":"https:\/\/linitiative.ca\/International\/wp-json\/wp\/v2\/users\/1790"}],"replies":[{"embeddable":true,"href":"https:\/\/linitiative.ca\/International\/wp-json\/wp\/v2\/comments?post=82500"}],"version-history":[{"count":0,"href":"https:\/\/linitiative.ca\/International\/wp-json\/wp\/v2\/posts\/82500\/revisions"}],"wp:attachment":[{"href":"https:\/\/linitiative.ca\/International\/wp-json\/wp\/v2\/media?parent=82500"}],"wp:term":[{"taxonomy":"category","embeddable":true,"href":"https:\/\/linitiative.ca\/International\/wp-json\/wp\/v2\/categories?post=82500"},{"taxonomy":"post_tag","embeddable":true,"href":"https:\/\/linitiative.ca\/International\/wp-json\/wp\/v2\/tags?post=82500"}],"curies":[{"name":"wp","href":"https:\/\/api.w.org\/{rel}","templated":true}]}}