{"id":82501,"date":"2020-04-15T11:52:00","date_gmt":"2020-04-15T15:52:00","guid":{"rendered":"https:\/\/linitiative.ca\/International\/bechar-pres-de-3-kg-de-kif-et-de-130-psychotropes-saisis\/"},"modified":"2020-04-15T11:52:00","modified_gmt":"2020-04-15T15:52:00","slug":"bechar-pres-de-3-kg-de-kif-et-de-130-psychotropes-saisis","status":"publish","type":"post","link":"https:\/\/linitiative.ca\/International\/bechar-pres-de-3-kg-de-kif-et-de-130-psychotropes-saisis\/","title":{"rendered":"BECHAR : Pr\u00e8s de 3 kg de kif et de 130 psychotropes saisis"},"content":{"rendered":"<p><br id=\"sep_para_1\" class=\"sep_para access\"\/><\/p>\n<div id=\"para_1\" class=\"para_36487050 resize\">\n<div class=\"texte access firstletter\">La 1\u00e8re\u00a0 brigade mobile de la police judiciaire \u00e0 B\u00e9char vient de d\u00e9jouer une tentative d\u2019introduction d\u2019une quantit\u00e9 de drogues et de comprim\u00e9s de psychotropes \u00e0 l\u2019int\u00e9rieur du territoire d\u2019une commune du sud de la wilaya.\u00a0 Le communiqu\u00e9 de presse de la cellule de communication et des relation g\u00e9n\u00e9rale de la s\u00fbret\u00e9 de wilaya de B\u00e9char pr\u00e9cise que c\u2019est sur la base d\u2019un renseignement que les \u00e9l\u00e9ments de la 1\u00e8re\u00a0 BMPJ ont dress\u00e9 un barrage de contr\u00f4le \u00e0 l\u2019entr\u00e9e sud de B\u00e9char. C\u2019est ainsi qu\u2019ils sont parvenus \u00e0 intercepter un v\u00e9hicule \u00e0 bord duquel\u00a0 deux individus transportaient 2, 874 kg de kif trait\u00e9 et 130 comprim\u00e9s de psychotropes de deux marques diff\u00e9rentes qu\u2019ils destinaient \u00e0 la vente en milieu juv\u00e9nile. Les policiers ont saisi par la m\u00eame occasion, la somme de 43 500 DA et le v\u00e9hicule ayant servi au transport de ces marchandises prohib\u00e9es. Les deux mis en cause seront pr\u00e9sent\u00e9s prochainement devant les instances judiciaires.\u00a0\u00a0\u00a0\u00a0\u00a0\u00a0<\/div>\n<\/div>\n<p>Auteur: Ahmed Messaoud<br \/>\n<a href=\"https:\/\/www.reflexiondz.net\/BECHAR-Pres-de-3-kg-de-kif-et-de-130-psychotropes-saisis_a62009.html\">Cliquez ici pour lire l&rsquo;article depuis sa source.<\/a><\/p>\n","protected":false},"excerpt":{"rendered":"<p>La 1\u00e8re\u00a0 brigade mobile de la police judiciaire \u00e0 B\u00e9char vient de d\u00e9jouer une tentative d\u2019introduction d\u2019une quantit\u00e9 de drogues et de comprim\u00e9s de psychotropes \u00e0 l\u2019int\u00e9rieur du territoire d\u2019une commune du sud de la wilaya.\u00a0 Le communiqu\u00e9 de presse de la cellule de communication et des relation g\u00e9n\u00e9rale de la s\u00fbret\u00e9 de wilaya de [&hellip;]<\/p>\n","protected":false},"author":1740,"featured_media":0,"comment_status":"closed","ping_status":"closed","sticky":false,"template":"","format":"standard","meta":{"fifu_image_url":"","fifu_image_alt":"","footnotes":""},"categories":[53,76],"tags":[],"class_list":["post-82501","post","type-post","status-publish","format-standard","hentry","category-algerie","category-regions"],"_links":{"self":[{"href":"https:\/\/linitiative.ca\/International\/wp-json\/wp\/v2\/posts\/82501","targetHints":{"allow":["GET"]}}],"collection":[{"href":"https:\/\/linitiative.ca\/International\/wp-json\/wp\/v2\/posts"}],"about":[{"href":"https:\/\/linitiative.ca\/International\/wp-json\/wp\/v2\/types\/post"}],"author":[{"embeddable":true,"href":"https:\/\/linitiative.ca\/International\/wp-json\/wp\/v2\/users\/1740"}],"replies":[{"embeddable":true,"href":"https:\/\/linitiative.ca\/International\/wp-json\/wp\/v2\/comments?post=82501"}],"version-history":[{"count":0,"href":"https:\/\/linitiative.ca\/International\/wp-json\/wp\/v2\/posts\/82501\/revisions"}],"wp:attachment":[{"href":"https:\/\/linitiative.ca\/International\/wp-json\/wp\/v2\/media?parent=82501"}],"wp:term":[{"taxonomy":"category","embeddable":true,"href":"https:\/\/linitiative.ca\/International\/wp-json\/wp\/v2\/categories?post=82501"},{"taxonomy":"post_tag","embeddable":true,"href":"https:\/\/linitiative.ca\/International\/wp-json\/wp\/v2\/tags?post=82501"}],"curies":[{"name":"wp","href":"https:\/\/api.w.org\/{rel}","templated":true}]}}