{"id":82502,"date":"2020-04-15T11:52:00","date_gmt":"2020-04-15T15:52:00","guid":{"rendered":"https:\/\/linitiative.ca\/International\/mohammadia-mascara-les-sages-femmes-de-lhopital-daho-dahaoui-sinsurgent\/"},"modified":"2020-04-15T11:52:00","modified_gmt":"2020-04-15T15:52:00","slug":"mohammadia-mascara-les-sages-femmes-de-lhopital-daho-dahaoui-sinsurgent","status":"publish","type":"post","link":"https:\/\/linitiative.ca\/International\/mohammadia-mascara-les-sages-femmes-de-lhopital-daho-dahaoui-sinsurgent\/","title":{"rendered":"MOHAMMADIA (MASCARA) : Les sages-femmes de l&rsquo;h\u00f4pital \u00ab\u00a0Daho Dahaoui\u00a0\u00bb s&rsquo;insurgent"},"content":{"rendered":"<p><br id=\"sep_para_1\" class=\"sep_para access\"\/><\/p>\n<div id=\"para_1\" class=\"para_36487041 resize\">\n<div class=\"texte access firstletter\">Un seul mot d&rsquo;ordre, d\u00e9noncer ce qu&rsquo;elles consid\u00e8rent au dessus de leurs moyens physique et surtout mental dans l&rsquo;exercice de leur fonction face au manque flagrant de sages-femmes, de m\u00e9decins sp\u00e9cialistes en gyn\u00e9cologie, dans un service aussi sensible que le leur, et aux pressions qu&rsquo;elles subissent \u00e0 longueur de journ\u00e9e. Le sit-in intervient justement apr\u00e8s avoir frapp\u00e9 \u00e0 toutes les portes et \u00e9puis\u00e9 tous les recours aupr\u00e8s de la direction de leur h\u00f4pital et aupr\u00e8s de celle de la sant\u00e9 et de la population de la wilaya de Mascara, quant \u00e0 ce qu&rsquo;elles endurent depuis longtemps, et veulent d\u00e9noncer les conditions tr\u00e8s difficiles dans lesquelles elles travaillent, en raison non seulement du manque de personnel de cette cat\u00e9gorie, ainsi que de sp\u00e9cialistes et d&rsquo;infirmi\u00e8res, mais aussi de\u00a0 l&rsquo;afflux consid\u00e9rable de parturientes qu&rsquo;enregistre le service, venant tous azimuts, font-elles savoir. Elles lancent donc un appel criard et urgent aux autorit\u00e9s de la wilaya dont le directeur de la sant\u00e9 pour trouver une fois pour toute une solution \u00e0 un probl\u00e8me qui n&rsquo;a fait que durer.\u00a0\u00a0<\/div>\n<\/div>\n<p>Auteur: Sahraoui Lahcene<br \/>\n<a href=\"https:\/\/www.reflexiondz.net\/MOHAMMADIA-MASCARA-Les-sages-femmes-de-l-hopital-Daho-Dahaoui-s-insurgent_a62008.html\">Cliquez ici pour lire l&rsquo;article depuis sa source.<\/a><\/p>\n","protected":false},"excerpt":{"rendered":"<p>Un seul mot d&rsquo;ordre, d\u00e9noncer ce qu&rsquo;elles consid\u00e8rent au dessus de leurs moyens physique et surtout mental dans l&rsquo;exercice de leur fonction face au manque flagrant de sages-femmes, de m\u00e9decins sp\u00e9cialistes en gyn\u00e9cologie, dans un service aussi sensible que le leur, et aux pressions qu&rsquo;elles subissent \u00e0 longueur de journ\u00e9e. Le sit-in intervient justement apr\u00e8s [&hellip;]<\/p>\n","protected":false},"author":1740,"featured_media":0,"comment_status":"closed","ping_status":"closed","sticky":false,"template":"","format":"standard","meta":{"fifu_image_url":"","fifu_image_alt":"","footnotes":""},"categories":[53,76],"tags":[],"class_list":["post-82502","post","type-post","status-publish","format-standard","hentry","category-algerie","category-regions"],"_links":{"self":[{"href":"https:\/\/linitiative.ca\/International\/wp-json\/wp\/v2\/posts\/82502","targetHints":{"allow":["GET"]}}],"collection":[{"href":"https:\/\/linitiative.ca\/International\/wp-json\/wp\/v2\/posts"}],"about":[{"href":"https:\/\/linitiative.ca\/International\/wp-json\/wp\/v2\/types\/post"}],"author":[{"embeddable":true,"href":"https:\/\/linitiative.ca\/International\/wp-json\/wp\/v2\/users\/1740"}],"replies":[{"embeddable":true,"href":"https:\/\/linitiative.ca\/International\/wp-json\/wp\/v2\/comments?post=82502"}],"version-history":[{"count":0,"href":"https:\/\/linitiative.ca\/International\/wp-json\/wp\/v2\/posts\/82502\/revisions"}],"wp:attachment":[{"href":"https:\/\/linitiative.ca\/International\/wp-json\/wp\/v2\/media?parent=82502"}],"wp:term":[{"taxonomy":"category","embeddable":true,"href":"https:\/\/linitiative.ca\/International\/wp-json\/wp\/v2\/categories?post=82502"},{"taxonomy":"post_tag","embeddable":true,"href":"https:\/\/linitiative.ca\/International\/wp-json\/wp\/v2\/tags?post=82502"}],"curies":[{"name":"wp","href":"https:\/\/api.w.org\/{rel}","templated":true}]}}