{"id":82503,"date":"2020-04-15T11:52:00","date_gmt":"2020-04-15T15:52:00","guid":{"rendered":"https:\/\/linitiative.ca\/International\/lutte-contre-le-covid-19-belhimer-reaffirme-lattachement-de-letat-a-preserver-la-sante-publique\/"},"modified":"2020-04-15T11:52:00","modified_gmt":"2020-04-15T15:52:00","slug":"lutte-contre-le-covid-19-belhimer-reaffirme-lattachement-de-letat-a-preserver-la-sante-publique","status":"publish","type":"post","link":"https:\/\/linitiative.ca\/International\/lutte-contre-le-covid-19-belhimer-reaffirme-lattachement-de-letat-a-preserver-la-sante-publique\/","title":{"rendered":"LUTTE CONTRE LE COVID-19 : Belhimer r\u00e9affirme l&rsquo;attachement de l\u2019Etat \u00e0 pr\u00e9server la sant\u00e9 publique"},"content":{"rendered":"<p><br id=\"sep_para_1\" class=\"sep_para access\"\/><\/p>\n<div id=\"para_1\" class=\"para_36487229 resize\">\n<div class=\"texte access firstletter\">Intervenant en marge du point de presse quotidien consacr\u00e9 \u00e0 la pr\u00e9sentation de l\u2019\u00e9volution de la situation pand\u00e9mique du COVID-19 par le Comit\u00e9 de suivi de ce virus, M. Belhimer a d\u00e9clar\u00e9 \u00e0 la presse que depuis l\u2019installation de ce comit\u00e9, \u00ab\u00a05 points essentiels ont \u00e9t\u00e9 relev\u00e9s dans la guerre contre la pand\u00e9mie de coronavirus\u00a0\u00bb. Il s&rsquo;agit principalement, d\u00e9taille le ministre, de \u00ab\u00a0la mobilisation par l\u2019Etat de tous les moyens humains et mat\u00e9riels n\u00e9cessaires, ce qui d\u00e9note son attachement \u00e0 la protection de la sant\u00e9 publique et des citoyens contre cette pand\u00e9mie depuis janvier\u00a0\u00bb. Il est question aussi \u00ab\u00a0du r\u00f4le pivot de l\u2019Arm\u00e9e nationale populaire (ANP) dans l\u2019acheminement, en peu de temps, des mat\u00e9riels et \u00e9quipements de lutte contre ce virus, de l\u2019\u00e9l\u00e9vation du niveau de sensibilisation aupr\u00e8s de la soci\u00e9t\u00e9 et du respect des mesures pr\u00e9ventives. Le ministre s\u2019est f\u00e9licit\u00e9 de \u00ab\u00a0la contribution des m\u00e9dias dans la valorisation du r\u00f4le des agents de la sant\u00e9, de la protection civile et des corps de s\u00e9curit\u00e9, loin des Fake news qui ont sali les r\u00e9seaux sociaux\u00a0\u00bb. Le porte parole du Gouvernement a exprim\u00e9, \u00e0 cette occasion, \u00ab\u00a0la grande reconnaissance\u00a0\u00bb que voue l\u2019Alg\u00e9rie \u00e0 la Chine \u00e0 travers le caract\u00e8re prioritaire accord\u00e9e par cette derni\u00e8re en mati\u00e8re de remise des mat\u00e9riels et \u00e9quipements de lutte contre ce virus en d\u00e9pit \u00ab\u00a0des pressions que conna\u00eet la sc\u00e8ne internationale\u00a0\u00bb. Quatre-vingt-sept (87) nouveaux cas confirm\u00e9s de coronavirus (Covid-19) et 13 nouveaux d\u00e9c\u00e8s ont \u00e9t\u00e9 enregistr\u00e9s en Alg\u00e9rie durant les derni\u00e8res 24 heures, portant ainsi le nombre de cas confirm\u00e9s \u00e0 2070 et celui des d\u00e9c\u00e8s \u00e0 326, alors que les cas de r\u00e9mission s\u2019\u00e9l\u00e8vent \u00e0 691, avait indiqu\u00e9 le porte parole du Comit\u00e9 scientifique de suivi de l&rsquo;\u00e9volution de la pand\u00e9mie du Coronavirus, Djamel Fourar.<\/div>\n<\/div>\n<p>Auteur: Ismain<br \/>\n<a href=\"https:\/\/www.reflexiondz.net\/LUTTE-CONTRE-LE-COVID-19-Belhimer-reaffirme-l-attachement-de-l-Etat-a-preserver-la-sante-publique_a62024.html\">Cliquez ici pour lire l&rsquo;article depuis sa source.<\/a><\/p>\n","protected":false},"excerpt":{"rendered":"<p>Intervenant en marge du point de presse quotidien consacr\u00e9 \u00e0 la pr\u00e9sentation de l\u2019\u00e9volution de la situation pand\u00e9mique du COVID-19 par le Comit\u00e9 de suivi de ce virus, M. Belhimer a d\u00e9clar\u00e9 \u00e0 la presse que depuis l\u2019installation de ce comit\u00e9, \u00ab\u00a05 points essentiels ont \u00e9t\u00e9 relev\u00e9s dans la guerre contre la pand\u00e9mie de coronavirus\u00a0\u00bb. [&hellip;]<\/p>\n","protected":false},"author":1740,"featured_media":0,"comment_status":"closed","ping_status":"closed","sticky":false,"template":"","format":"standard","meta":{"fifu_image_url":"","fifu_image_alt":"","footnotes":""},"categories":[53,76],"tags":[],"class_list":["post-82503","post","type-post","status-publish","format-standard","hentry","category-algerie","category-regions"],"_links":{"self":[{"href":"https:\/\/linitiative.ca\/International\/wp-json\/wp\/v2\/posts\/82503","targetHints":{"allow":["GET"]}}],"collection":[{"href":"https:\/\/linitiative.ca\/International\/wp-json\/wp\/v2\/posts"}],"about":[{"href":"https:\/\/linitiative.ca\/International\/wp-json\/wp\/v2\/types\/post"}],"author":[{"embeddable":true,"href":"https:\/\/linitiative.ca\/International\/wp-json\/wp\/v2\/users\/1740"}],"replies":[{"embeddable":true,"href":"https:\/\/linitiative.ca\/International\/wp-json\/wp\/v2\/comments?post=82503"}],"version-history":[{"count":0,"href":"https:\/\/linitiative.ca\/International\/wp-json\/wp\/v2\/posts\/82503\/revisions"}],"wp:attachment":[{"href":"https:\/\/linitiative.ca\/International\/wp-json\/wp\/v2\/media?parent=82503"}],"wp:term":[{"taxonomy":"category","embeddable":true,"href":"https:\/\/linitiative.ca\/International\/wp-json\/wp\/v2\/categories?post=82503"},{"taxonomy":"post_tag","embeddable":true,"href":"https:\/\/linitiative.ca\/International\/wp-json\/wp\/v2\/tags?post=82503"}],"curies":[{"name":"wp","href":"https:\/\/api.w.org\/{rel}","templated":true}]}}