{"id":82504,"date":"2020-04-15T11:52:00","date_gmt":"2020-04-15T15:52:00","guid":{"rendered":"https:\/\/linitiative.ca\/International\/action-de-solidarite-a-oran-don-de-cabines-de-desinfection-au-profit-du-personnel-de-sante\/"},"modified":"2020-04-15T11:52:00","modified_gmt":"2020-04-15T15:52:00","slug":"action-de-solidarite-a-oran-don-de-cabines-de-desinfection-au-profit-du-personnel-de-sante","status":"publish","type":"post","link":"https:\/\/linitiative.ca\/International\/action-de-solidarite-a-oran-don-de-cabines-de-desinfection-au-profit-du-personnel-de-sante\/","title":{"rendered":"ACTION DE SOLIDARITE A ORAN   : Don de cabines de d\u00e9sinfection  au profit du personnel de sant\u00e9"},"content":{"rendered":"<p><br id=\"sep_para_1\" class=\"sep_para access\"\/><\/p>\n<div id=\"para_1\" class=\"para_36487093 resize\">\n<div class=\"texte access firstletter\">Depuis le d\u00e9but de\u00a0 cette crise sanitaire du Covid-19 , plusieurs bienfaiteurs ,hommes d&rsquo;affaires et autres associations n&rsquo;ont m\u00e9nag\u00e9 aucun effort pour\u00a0 venir en aide au personnel m\u00e9dical qui s\u2019occupe du pavillon Covid-19 et le service infectieux. L\u2019initiative est port\u00e9e par deux personnes au grand c\u0153ur et une association, qui ont lanc\u00e9 un appel au don et \u00e0 la solidarit\u00e9 aupr\u00e8s de leurs contacts, par la voie d\u2019un groupe cr\u00e9\u00e9 sur Facebook, nomm\u00e9 \u00ab Aide\u00bb.Ainsi, gr\u00e2ce aux dons quotidiens, des denr\u00e9es alimentaires sont achet\u00e9es pour la pr\u00e9paration des repas. La t\u00e2che de cuisiner se fait en alternance entre un restaurateur et une femme qui ont propos\u00e9 tous deux leurs services b\u00e9n\u00e9volement. Ce m\u00eame groupe a fait don au CHUO de micro-onde, d\u2019ECG, de frigo, de couvertures, d\u2019oreillers. L\u2019autre don et non des moindres a \u00e9t\u00e9 offert au profit du personnel confront\u00e9 au Covid-19 au CHUO au niveau du service de r\u00e9animation. Il s\u2019agit d\u2019une cabine de d\u00e9sinfection avec d\u00e9tection de mouvements dot\u00e9e d\u2019un syst\u00e8me de vaporisation. Le groupe \u00ab Aide \u00bb a ainsi pu commander aupr\u00e8s d\u2019un fournisseur, install\u00e9 \u00e0 Alger, une cabine de d\u00e9sinfection, qui co\u00fbte plusieurs millions, mais l\u2019on saura aupr\u00e8s de ce groupe que le fournisseur en question leur a c\u00e9d\u00e9 en baissant le prix, une mani\u00e8re de se solidariser lui \u00e9galement, tout en assurant le transport et l\u2019installation gratuits de la cabine en question. La seconde cabine sera, quant \u00e0 elle, r\u00e9ceptionn\u00e9e dans la semaine et sera install\u00e9e au niveau du service infectieux du CHUO. Un autre groupe de donateurs, constitu\u00e9 sur Facebook, s\u2019est charg\u00e9, lui, de l\u2019acquisition d\u2019une cabine similaire qui a \u00e9t\u00e9 offerte \u00e0 l\u2019EHUO. Il faut savoir que ladite cabine n\u00e9cessite un produit, le d\u00e9sinfectant en question qui vaporise la personne \u00e0 son passage. Ainsi, ce groupe de b\u00e9n\u00e9voles a d\u00fb acheter \u00e9galement ce produit. Un kilo de ce produit co\u00fbte 10 000 DA et se dilue dans l\u2019eau. L\u2019on saura qu\u2019un kilo de ce produit peut permettre 4 670 passages. Pour la premi\u00e8re cabine, 6 kg de ce produit ont \u00e9t\u00e9 achet\u00e9s par ces donateurs, ce qui assurera 28 000 passages. La seconde cabine est command\u00e9e avec 28 000 passages \u00e9galement, assurant ainsi une d\u00e9sinfection via cette cabine pour au moins 6 mois.\u00a0\u00a0\u00a0\u00a0\u00a0\u00a0\u00a0\u00a0\u00a0\u00a0\u00a0\u00a0\u00a0\u00a0\u00a0\u00a0\u00a0\u00a0\u00a0\u00a0\u00a0\u00a0\u00a0\u00a0\u00a0\u00a0\u00a0\u00a0\u00a0\u00a0\u00a0\u00a0\u00a0\u00a0\u00a0\u00a0\u00a0\u00a0\u00a0\u00a0<\/div>\n<\/div>\n<p>Auteur: Medjadji H.<br \/>\n<a href=\"https:\/\/www.reflexiondz.net\/ACTION-DE-SOLIDARITE-A-ORAN-Don-de-cabines-de-desinfection-au-profit-du-personnel-de-sante_a62014.html\">Cliquez ici pour lire l&rsquo;article depuis sa source.<\/a><\/p>\n","protected":false},"excerpt":{"rendered":"<p>Depuis le d\u00e9but de\u00a0 cette crise sanitaire du Covid-19 , plusieurs bienfaiteurs ,hommes d&rsquo;affaires et autres associations n&rsquo;ont m\u00e9nag\u00e9 aucun effort pour\u00a0 venir en aide au personnel m\u00e9dical qui s\u2019occupe du pavillon Covid-19 et le service infectieux. L\u2019initiative est port\u00e9e par deux personnes au grand c\u0153ur et une association, qui ont lanc\u00e9 un appel au [&hellip;]<\/p>\n","protected":false},"author":1740,"featured_media":0,"comment_status":"closed","ping_status":"closed","sticky":false,"template":"","format":"standard","meta":{"fifu_image_url":"","fifu_image_alt":"","footnotes":""},"categories":[53,76],"tags":[],"class_list":["post-82504","post","type-post","status-publish","format-standard","hentry","category-algerie","category-regions"],"_links":{"self":[{"href":"https:\/\/linitiative.ca\/International\/wp-json\/wp\/v2\/posts\/82504","targetHints":{"allow":["GET"]}}],"collection":[{"href":"https:\/\/linitiative.ca\/International\/wp-json\/wp\/v2\/posts"}],"about":[{"href":"https:\/\/linitiative.ca\/International\/wp-json\/wp\/v2\/types\/post"}],"author":[{"embeddable":true,"href":"https:\/\/linitiative.ca\/International\/wp-json\/wp\/v2\/users\/1740"}],"replies":[{"embeddable":true,"href":"https:\/\/linitiative.ca\/International\/wp-json\/wp\/v2\/comments?post=82504"}],"version-history":[{"count":0,"href":"https:\/\/linitiative.ca\/International\/wp-json\/wp\/v2\/posts\/82504\/revisions"}],"wp:attachment":[{"href":"https:\/\/linitiative.ca\/International\/wp-json\/wp\/v2\/media?parent=82504"}],"wp:term":[{"taxonomy":"category","embeddable":true,"href":"https:\/\/linitiative.ca\/International\/wp-json\/wp\/v2\/categories?post=82504"},{"taxonomy":"post_tag","embeddable":true,"href":"https:\/\/linitiative.ca\/International\/wp-json\/wp\/v2\/tags?post=82504"}],"curies":[{"name":"wp","href":"https:\/\/api.w.org\/{rel}","templated":true}]}}