{"id":82508,"date":"2020-04-14T16:30:00","date_gmt":"2020-04-14T20:30:00","guid":{"rendered":"https:\/\/linitiative.ca\/International\/chanegriha-a-oran-larmee-prete-a-se-sacrifier-pour-le-peuple\/"},"modified":"2020-04-14T16:30:00","modified_gmt":"2020-04-14T20:30:00","slug":"chanegriha-a-oran-larmee-prete-a-se-sacrifier-pour-le-peuple","status":"publish","type":"post","link":"https:\/\/linitiative.ca\/International\/chanegriha-a-oran-larmee-prete-a-se-sacrifier-pour-le-peuple\/","title":{"rendered":"Chanegriha \u00e0 Oran : L&rsquo;arm\u00e9e pr\u00eate \u00e0 se sacrifier pour le peuple"},"content":{"rendered":"<p><br class=\"autobr\"\/><strong>Le G\u00e9n\u00e9ral-Major Sa\u00efd Chanegriha , Chef d\u2019Etat-Major de l\u2019Arm\u00e9e Nationale Populaire par int\u00e9rim a affirm\u00e9 ce mardi \u00e0 Oran que l\u2019arm\u00e9e est pr\u00eate \u00e0 se sacrifier pour assurer le bien-\u00eatre et la s\u00e9curit\u00e9 des alg\u00e9riens sur tous les plans .<\/strong><\/p>\n<blockquote readability=\"9\">\n<p><br class=\"autobr\"\/><em><strong><span class=\"c5\">\u00ab\u00a0Nous sommes pr\u00eats au sein de l\u2019Arm\u00e9e Nationale Populaire \u00e0 nous sacrifier et \u00e0 consentir des efforts aussi laborieux que d\u00e9vou\u00e9s pour en assurer le bien-\u00eatre et la s\u00e9curit\u00e9 sur tous les plans et dans tous les domaines\u00a0\u00bb, a-t-il dit dans une allocution \u00e0 l\u2019occasion d\u2019une visite de travail et d\u2019inspection en 2e R\u00e9gion Militaire \u00e0 Oran.<\/span><\/strong><\/em><\/p>\n<\/blockquote>\n<p><br class=\"autobr\"\/><br \/>\nLe chef d\u2019Etat-major s\u2019exprimait alors que les institutions m\u00e8nent un combat contre le Covid-19 qui a touch\u00e9 \u00e0 ce jour plus de 2000 et fait 326 morts. \u00ab\u00a0Preuve en est, le succ\u00e8s remarquable des \u00e9quipages relevant de nos Forces A\u00e9riennes \u00e0 dresser un pont a\u00e9rien entre l\u2019Alg\u00e9rie et la Chine Populaire, pour acheminer, en un temps record, les mat\u00e9riels et \u00e9quipements m\u00e9dicaux, ce qui d\u00e9note, encore une fois, la grande disponibilit\u00e9 op\u00e9rationnelle de l\u2019ensemble des composantes de l\u2019Arm\u00e9e Nationale Populaire \u00e0 intervenir dans toutes les conditions et les circonstances\u00a0\u00bb, a-t-il pr\u00e9cis\u00e9.<\/p>\n<p><br class=\"autobr\"\/><br \/>\n\u00ab\u00a0Comme un seul homme, tel qu\u2019il nous a toujours habitu\u00e9s, notre peuple a apport\u00e9 son soutien et son appui \u00e0 son Etat, en faisant acte de solidarit\u00e9 avec ses concitoyens n\u00e9cessiteux, dans un \u00e9lan d\u2019entraide historique\u00a0\u00bb, a-t-il encore dit. \u00ab\u00a0Notre pays a pris, sous la conduite de Monsieur le Pr\u00e9sident de la R\u00e9publique, Chef Supr\u00eame des Forces Arm\u00e9es, Ministre de la D\u00e9fense Nationale, un ensemble de mesures pr\u00e9ventives d\u00e8s les premiers jours de l\u2019apparition des premiers cas d\u2019\u00e9pid\u00e9mie (Covid-19)\u00a0\u00bb, a-t-il soulign\u00e9.<\/p>\n<blockquote readability=\"13\">\n<p><br class=\"autobr\"\/><em><strong><span class=\"c5\">\u00ab\u00a0Il est \u00e9vident que ces mesures pertinentes prises par le Haut Commandement du pays, n\u2019auraient pu donner leurs fruits sur le terrain, sans la compr\u00e9hension et la conscience de notre peuple, ainsi que sa patience face aux \u00e9preuves et aux adversit\u00e9s\u00a0\u00bb, Selon Chanegriha. A l\u2019H\u00f4pital Militaire R\u00e9gional Universitaire d\u2019Oran, Monsieur le G\u00e9n\u00e9ral-Major a suivi une pr\u00e9sentation donn\u00e9e par le directeur de l\u2019H\u00f4pital portant sur les efforts consentis pour faire face \u00e0 l\u2019\u00e9pid\u00e9mie du Coronavirus.<\/span><\/strong><\/em><\/p>\n<\/blockquote>\n<p><br class=\"autobr\"\/><br \/>\nIl a ensuite inspect\u00e9 le service d\u00e9di\u00e9 aux contamin\u00e9s, o\u00f9 il a exhort\u00e9 le personnel m\u00e9dical \u00e0 consentir davantage d\u2019efforts d\u00e9vou\u00e9s, dans un cadre coordonn\u00e9 et synergique, dans l\u2019objectif d\u2019assurer la prise en charge m\u00e9dicale n\u00e9cessaire des personnes infect\u00e9es parmi les personnels militaires, et d\u2019\u00eatre pr\u00eats \u00e0 intervenir, en cas de besoin, pour apporter l\u2019assistance aux citoyens et contribuer \u00e0 diminuer la charge sur le syst\u00e8me sanitaire national.<\/p>\n<p>Auteur: Boudjedri<br \/>\n<a href=\"http:\/\/www.jeune-independant.net\/Chanegriha-a-Oran-L-armee-prete-a.html\">Cliquez ici pour lire l&rsquo;article depuis sa source.<\/a><\/p>\n","protected":false},"excerpt":{"rendered":"<p>Le G\u00e9n\u00e9ral-Major Sa\u00efd Chanegriha , Chef d\u2019Etat-Major de l\u2019Arm\u00e9e Nationale Populaire par int\u00e9rim a affirm\u00e9 ce mardi \u00e0 Oran que l\u2019arm\u00e9e est pr\u00eate \u00e0 se sacrifier pour assurer le bien-\u00eatre et la s\u00e9curit\u00e9 des alg\u00e9riens sur tous les plans . \u00ab\u00a0Nous sommes pr\u00eats au sein de l\u2019Arm\u00e9e Nationale Populaire \u00e0 nous sacrifier et \u00e0 consentir [&hellip;]<\/p>\n","protected":false},"author":1737,"featured_media":0,"comment_status":"closed","ping_status":"closed","sticky":false,"template":"","format":"standard","meta":{"fifu_image_url":"","fifu_image_alt":"","footnotes":""},"categories":[73,53],"tags":[],"class_list":["post-82508","post","type-post","status-publish","format-standard","hentry","category-actualite","category-algerie"],"_links":{"self":[{"href":"https:\/\/linitiative.ca\/International\/wp-json\/wp\/v2\/posts\/82508","targetHints":{"allow":["GET"]}}],"collection":[{"href":"https:\/\/linitiative.ca\/International\/wp-json\/wp\/v2\/posts"}],"about":[{"href":"https:\/\/linitiative.ca\/International\/wp-json\/wp\/v2\/types\/post"}],"author":[{"embeddable":true,"href":"https:\/\/linitiative.ca\/International\/wp-json\/wp\/v2\/users\/1737"}],"replies":[{"embeddable":true,"href":"https:\/\/linitiative.ca\/International\/wp-json\/wp\/v2\/comments?post=82508"}],"version-history":[{"count":0,"href":"https:\/\/linitiative.ca\/International\/wp-json\/wp\/v2\/posts\/82508\/revisions"}],"wp:attachment":[{"href":"https:\/\/linitiative.ca\/International\/wp-json\/wp\/v2\/media?parent=82508"}],"wp:term":[{"taxonomy":"category","embeddable":true,"href":"https:\/\/linitiative.ca\/International\/wp-json\/wp\/v2\/categories?post=82508"},{"taxonomy":"post_tag","embeddable":true,"href":"https:\/\/linitiative.ca\/International\/wp-json\/wp\/v2\/tags?post=82508"}],"curies":[{"name":"wp","href":"https:\/\/api.w.org\/{rel}","templated":true}]}}